{"id":15736,"date":"2025-09-18T20:35:26","date_gmt":"2025-09-18T20:35:26","guid":{"rendered":"https:\/\/infozamoraec.com\/?p=15736"},"modified":"2025-09-18T20:35:26","modified_gmt":"2025-09-18T20:35:26","slug":"noboa-dice-que-si-la-conaie-obliga-a-protestar-a-los-agricultores-se-iran-30-anos-presos","status":"publish","type":"post","link":"https:\/\/infozamoraec.com\/index.php\/2025\/09\/18\/noboa-dice-que-si-la-conaie-obliga-a-protestar-a-los-agricultores-se-iran-30-anos-presos\/","title":{"rendered":"Noboa dice que si la Conaie obliga a protestar a los agricultores \u00abse ir\u00e1n 30 a\u00f1os presos\u00bb"},"content":{"rendered":"<p>Al mismo tiempo que la Confederaci\u00f3n de Nacionalidades Ind\u00edgenas del Ecuador (Conaie) sesionaba a puerta cerrada en la Casa Ind\u00edgena de Riobamba para definir acciones en contra del Gobierno nacional, en ka misma ciudad, el presidente Daniel Noboa acudi\u00f3 a un evento para entregar tractores a los agricultores.<\/p>\n<p>Alli Noboa expres\u00f3 claramente: \u00abSer\u00e1n denunciados por terrorismo y se ir\u00e1n 30 a\u00f1os presos, cualquier de esos que les quite agua a alguno de ustedes\u00bb, expres\u00f3 Noboa mencionando a l\u00edderes gremiales.<\/p>\n<p>Luego, reiter\u00f3 que elimin\u00f3 el subsidio al di\u00e9sel para golpear la econom\u00eda criminal.<\/p>\n<p>\u201cRecursos que antes se iban al contrabando y a la ilegalidad\u00a0hoy llegan directamente al campo para transformar la vida de miles de familias que lo necesitan\u201d, asegur\u00f3 Noboa.<\/p>\n","protected":false},"excerpt":{"rendered":"<p>Al mismo tiempo que la Confederaci\u00f3n de Nacionalidades Ind\u00edgenas del Ecuador (Conaie) sesionaba a puerta cerrada en la Casa Ind\u00edgena de Riobamba para definir acciones en contra del Gobierno nacional, en ka misma ciudad, el presidente Daniel Noboa acudi\u00f3 a un evento para entregar tractores a los agricultores. Alli Noboa expres\u00f3 claramente: \u00abSer\u00e1n denunciados por [&hellip;]<\/p>\n","protected":false},"author":1,"featured_media":15737,"comment_status":"open","ping_status":"open","sticky":false,"template":"","format":"standard","meta":{"footnotes":""},"categories":[12],"tags":[],"_links":{"self":[{"href":"https:\/\/infozamoraec.com\/index.php\/wp-json\/wp\/v2\/posts\/15736"}],"collection":[{"href":"https:\/\/infozamoraec.com\/index.php\/wp-json\/wp\/v2\/posts"}],"about":[{"href":"https:\/\/infozamoraec.com\/index.php\/wp-json\/wp\/v2\/types\/post"}],"author":[{"embeddable":true,"href":"https:\/\/infozamoraec.com\/index.php\/wp-json\/wp\/v2\/users\/1"}],"replies":[{"embeddable":true,"href":"https:\/\/infozamoraec.com\/index.php\/wp-json\/wp\/v2\/comments?post=15736"}],"version-history":[{"count":1,"href":"https:\/\/infozamoraec.com\/index.php\/wp-json\/wp\/v2\/posts\/15736\/revisions"}],"predecessor-version":[{"id":15738,"href":"https:\/\/infozamoraec.com\/index.php\/wp-json\/wp\/v2\/posts\/15736\/revisions\/15738"}],"wp:featuredmedia":[{"embeddable":true,"href":"https:\/\/infozamoraec.com\/index.php\/wp-json\/wp\/v2\/media\/15737"}],"wp:attachment":[{"href":"https:\/\/infozamoraec.com\/index.php\/wp-json\/wp\/v2\/media?parent=15736"}],"wp:term":[{"taxonomy":"category","embeddable":true,"href":"https:\/\/infozamoraec.com\/index.php\/wp-json\/wp\/v2\/categories?post=15736"},{"taxonomy":"post_tag","embeddable":true,"href":"https:\/\/infozamoraec.com\/index.php\/wp-json\/wp\/v2\/tags?post=15736"}],"curies":[{"name":"wp","href":"https:\/\/api.w.org\/{rel}","templated":true}]}}