{"id":15732,"date":"2025-09-18T20:33:15","date_gmt":"2025-09-18T20:33:15","guid":{"rendered":"https:\/\/infozamoraec.com\/?p=15732"},"modified":"2025-09-18T20:33:15","modified_gmt":"2025-09-18T20:33:15","slug":"la-conaie-convoca-a-un-paro-nacional-indefinido-y-aprueba-10-resoluciones-en-rechazo-al-alza-de-combustibles","status":"publish","type":"post","link":"https:\/\/infozamoraec.com\/index.php\/2025\/09\/18\/la-conaie-convoca-a-un-paro-nacional-indefinido-y-aprueba-10-resoluciones-en-rechazo-al-alza-de-combustibles\/","title":{"rendered":"La Conaie convoca a un paro nacional indefinido y aprueba 10 resoluciones en rechazo al alza de combustibles"},"content":{"rendered":"<p data-start=\"202\" data-end=\"585\">La Confederaci\u00f3n de Nacionalidades Ind\u00edgenas del Ecuador (Conaie) resolvi\u00f3 este 18 de septiembre de 2025 convocar a un paro nacional inmediato e indefinido, en rechazo a la eliminaci\u00f3n del subsidio al di\u00e9sel. La decisi\u00f3n se tom\u00f3 durante una asamblea extraordinaria realizada en Riobamba, ciudad en la que el presidente de la Rep\u00fablica, Daniel Noboa, tambi\u00e9n cumpli\u00f3 agenda oficial.<\/p>\n<p data-start=\"587\" data-end=\"655\">Entre las resoluciones aprobadas por las bases de la Conaie est\u00e1n:<\/p>\n<ul data-start=\"657\" data-end=\"1708\">\n<li data-start=\"657\" data-end=\"734\">\n<p data-start=\"659\" data-end=\"734\">Ratificar la unidad de los pueblos para enfrentar los ajustes econ\u00f3micos.<\/p>\n<\/li>\n<li data-start=\"735\" data-end=\"811\">\n<p data-start=\"737\" data-end=\"811\">Exigir la derogatoria del decreto 126 que elimina el subsidio al di\u00e9sel.<\/p>\n<\/li>\n<li data-start=\"812\" data-end=\"910\">\n<p data-start=\"814\" data-end=\"910\">Denunciar y rechazar persecuci\u00f3n del Gobierno nacional y acogerse al derecho a la resistencia.<\/p>\n<\/li>\n<li data-start=\"911\" data-end=\"1011\">\n<p data-start=\"913\" data-end=\"1011\">Revocar licencias ambientales en los proyectos mineros de Palo Quemado, Quimsacocha y Las Naves.<\/p>\n<\/li>\n<li data-start=\"1012\" data-end=\"1207\">\n<p data-start=\"1014\" data-end=\"1207\">Declarar estado de excepci\u00f3n comunitario a nivel nacional en los pueblos y nacionalidades, prohibiendo el ingreso de la fuerza p\u00fablica a los territorios y activando las guardias comunitarias.<\/p>\n<\/li>\n<li data-start=\"1208\" data-end=\"1349\">\n<p data-start=\"1210\" data-end=\"1349\">Rechazar la consulta popular y el intento de una Asamblea Constituyente que, seg\u00fan la organizaci\u00f3n, \u00abno resuelve los problemas del pa\u00eds\u00bb.<\/p>\n<\/li>\n<li data-start=\"1350\" data-end=\"1436\">\n<p data-start=\"1352\" data-end=\"1436\">Exhortar a los medios de comunicaci\u00f3n a tratar la informaci\u00f3n con responsabilidad.<\/p>\n<\/li>\n<li data-start=\"1437\" data-end=\"1548\">\n<p data-start=\"1439\" data-end=\"1548\">Exigir la reducci\u00f3n del IVA del 15% al 12%, argumentando que la inseguridad en el pa\u00eds no ha sido resuelta.<\/p>\n<\/li>\n<li data-start=\"1549\" data-end=\"1666\">\n<p data-start=\"1551\" data-end=\"1666\">Convocar a las bases, organizaciones sociales y a la sociedad en general al paro nacional inmediato e indefinido.<\/p>\n<\/li>\n<li data-start=\"1667\" data-end=\"1708\">\n<p data-start=\"1669\" data-end=\"1708\">Instalar un parlamento plurinacional.<\/p>\n<\/li>\n<\/ul>\n<p data-start=\"1710\" data-end=\"1902\">Durante la jornada, los asistentes gritaban consignas como <em data-start=\"1805\" data-end=\"1821\">\u201cViva el paro\u201d<\/em> y <em data-start=\"1824\" data-end=\"1849\">\u201cNo a la Constituyente\u201d<\/em> desde el interior de la casa ind\u00edgena en Riobamba.<\/p>\n<p data-start=\"1904\" data-end=\"2067\">A esta decisi\u00f3n se sumaron organizaciones como la Confeniae y campesinos de Cotacachi, quienes tambi\u00e9n se declararon en resistencia en sus territorios ind\u00edgenas.<\/p>\n","protected":false},"excerpt":{"rendered":"<p>La Confederaci\u00f3n de Nacionalidades Ind\u00edgenas del Ecuador (Conaie) resolvi\u00f3 este 18 de septiembre de 2025 convocar a un paro nacional inmediato e indefinido, en rechazo a la eliminaci\u00f3n del subsidio al di\u00e9sel. La decisi\u00f3n se tom\u00f3 durante una asamblea extraordinaria realizada en Riobamba, ciudad en la que el presidente de la Rep\u00fablica, Daniel Noboa, tambi\u00e9n [&hellip;]<\/p>\n","protected":false},"author":1,"featured_media":15733,"comment_status":"open","ping_status":"open","sticky":false,"template":"","format":"standard","meta":{"footnotes":""},"categories":[12],"tags":[],"_links":{"self":[{"href":"https:\/\/infozamoraec.com\/index.php\/wp-json\/wp\/v2\/posts\/15732"}],"collection":[{"href":"https:\/\/infozamoraec.com\/index.php\/wp-json\/wp\/v2\/posts"}],"about":[{"href":"https:\/\/infozamoraec.com\/index.php\/wp-json\/wp\/v2\/types\/post"}],"author":[{"embeddable":true,"href":"https:\/\/infozamoraec.com\/index.php\/wp-json\/wp\/v2\/users\/1"}],"replies":[{"embeddable":true,"href":"https:\/\/infozamoraec.com\/index.php\/wp-json\/wp\/v2\/comments?post=15732"}],"version-history":[{"count":2,"href":"https:\/\/infozamoraec.com\/index.php\/wp-json\/wp\/v2\/posts\/15732\/revisions"}],"predecessor-version":[{"id":15735,"href":"https:\/\/infozamoraec.com\/index.php\/wp-json\/wp\/v2\/posts\/15732\/revisions\/15735"}],"wp:featuredmedia":[{"embeddable":true,"href":"https:\/\/infozamoraec.com\/index.php\/wp-json\/wp\/v2\/media\/15733"}],"wp:attachment":[{"href":"https:\/\/infozamoraec.com\/index.php\/wp-json\/wp\/v2\/media?parent=15732"}],"wp:term":[{"taxonomy":"category","embeddable":true,"href":"https:\/\/infozamoraec.com\/index.php\/wp-json\/wp\/v2\/categories?post=15732"},{"taxonomy":"post_tag","embeddable":true,"href":"https:\/\/infozamoraec.com\/index.php\/wp-json\/wp\/v2\/tags?post=15732"}],"curies":[{"name":"wp","href":"https:\/\/api.w.org\/{rel}","templated":true}]}}