{"id":15698,"date":"2025-09-18T02:12:35","date_gmt":"2025-09-18T02:12:35","guid":{"rendered":"https:\/\/infozamoraec.com\/?p=15698"},"modified":"2025-09-18T02:12:35","modified_gmt":"2025-09-18T02:12:35","slug":"aquiles-subir-el-pasaje-del-transporte-urbano-no-es-una-opcion","status":"publish","type":"post","link":"https:\/\/infozamoraec.com\/index.php\/2025\/09\/18\/aquiles-subir-el-pasaje-del-transporte-urbano-no-es-una-opcion\/","title":{"rendered":"Aquiles: Subir el pasaje del transporte urbano \u00abno es una opci\u00f3n\u00bb"},"content":{"rendered":"<p>El alcalde de Guayaquil, Aquiles \u00c1lvarez, afirm\u00f3 este mi\u00e9rcoles que el pasaje de los buses en la ciudad no aumentar\u00e1 pese a la eliminaci\u00f3n del subsidio al di\u00e9sel decretada por el presidente Daniel Noboa la semana pasada.<\/p>\n<p>A trav\u00e9s de una publicaci\u00f3n en X, \u00c1lvarez reiter\u00f3 comentarios que ya hab\u00eda expresado en d\u00edas anteriores, argumentando que, con la econom\u00eda actual, \u00abno es posible subir el pasaje\u00bb.<\/p>\n<p>Seg\u00fan el alcalde, el 95 % de los casi 2.800 buses que operan en la ciudad \u00abest\u00e1n en condiciones p\u00e9simas\u00bb y al menos 800 deber\u00edan salir de circulaci\u00f3n. Considerando que no hay una mejora en el servicio que pueda justificar un alza al pasaje, la propuesta del Municipio para hacer frente al aumento en el precio de los combustibles es introducir un servicio optativo para complementar al actual. La nueva \u00abclase ejecutiva\u00bb, que contar\u00eda con unidades de transporte con aire acondicionado y acceso a internet, costar\u00eda 45 centavos. La \u00abclase popular\u00bb, que consiste en el mismo servicio actual, tendr\u00eda un costo de 30 centavos. Sin embargo, \u00c1lvarez tambi\u00e9n aclar\u00f3 que cualquier decisi\u00f3n sobre el tema deber\u00e1 ser dialogada con las autoridades locales competentes.<\/p>\n<p>\u00abNo podemos subsidiar el transporte\u00bb, escribi\u00f3 el alcalde. \u00abEs inviable una compensaci\u00f3n en ese sentido por parte del Municipio\u00bb. (I)<\/p>\n","protected":false},"excerpt":{"rendered":"<p>El alcalde de Guayaquil, Aquiles \u00c1lvarez, afirm\u00f3 este mi\u00e9rcoles que el pasaje de los buses en la ciudad no aumentar\u00e1 pese a la eliminaci\u00f3n del subsidio al di\u00e9sel decretada por el presidente Daniel Noboa la semana pasada. A trav\u00e9s de una publicaci\u00f3n en X, \u00c1lvarez reiter\u00f3 comentarios que ya hab\u00eda expresado en d\u00edas anteriores, argumentando [&hellip;]<\/p>\n","protected":false},"author":1,"featured_media":15699,"comment_status":"open","ping_status":"open","sticky":false,"template":"","format":"standard","meta":{"footnotes":""},"categories":[12],"tags":[],"_links":{"self":[{"href":"https:\/\/infozamoraec.com\/index.php\/wp-json\/wp\/v2\/posts\/15698"}],"collection":[{"href":"https:\/\/infozamoraec.com\/index.php\/wp-json\/wp\/v2\/posts"}],"about":[{"href":"https:\/\/infozamoraec.com\/index.php\/wp-json\/wp\/v2\/types\/post"}],"author":[{"embeddable":true,"href":"https:\/\/infozamoraec.com\/index.php\/wp-json\/wp\/v2\/users\/1"}],"replies":[{"embeddable":true,"href":"https:\/\/infozamoraec.com\/index.php\/wp-json\/wp\/v2\/comments?post=15698"}],"version-history":[{"count":1,"href":"https:\/\/infozamoraec.com\/index.php\/wp-json\/wp\/v2\/posts\/15698\/revisions"}],"predecessor-version":[{"id":15700,"href":"https:\/\/infozamoraec.com\/index.php\/wp-json\/wp\/v2\/posts\/15698\/revisions\/15700"}],"wp:featuredmedia":[{"embeddable":true,"href":"https:\/\/infozamoraec.com\/index.php\/wp-json\/wp\/v2\/media\/15699"}],"wp:attachment":[{"href":"https:\/\/infozamoraec.com\/index.php\/wp-json\/wp\/v2\/media?parent=15698"}],"wp:term":[{"taxonomy":"category","embeddable":true,"href":"https:\/\/infozamoraec.com\/index.php\/wp-json\/wp\/v2\/categories?post=15698"},{"taxonomy":"post_tag","embeddable":true,"href":"https:\/\/infozamoraec.com\/index.php\/wp-json\/wp\/v2\/tags?post=15698"}],"curies":[{"name":"wp","href":"https:\/\/api.w.org\/{rel}","templated":true}]}}