{"id":15695,"date":"2025-09-18T02:10:55","date_gmt":"2025-09-18T02:10:55","guid":{"rendered":"https:\/\/infozamoraec.com\/?p=15695"},"modified":"2025-09-18T02:10:55","modified_gmt":"2025-09-18T02:10:55","slug":"noboa-envia-pregunta-para-una-constituyente","status":"publish","type":"post","link":"https:\/\/infozamoraec.com\/index.php\/2025\/09\/18\/noboa-envia-pregunta-para-una-constituyente\/","title":{"rendered":"Noboa env\u00eda pregunta para una Constituyente"},"content":{"rendered":"<p>El presidente\u00a0Daniel Noboa\u00a0bajo un anuncio oficial acaba de indicar que\u00a0enviar\u00e1 a la Corte Constitucional\u00a0la\u00a0pregunta para que en el refer\u00e9ndum se le consulte a la ciudadan\u00eda la posibilidad de llamar a una nueva Asamblea Constituyente\u00a0para\u00a0derogar la actual Constituci\u00f3n del corre\u00edsmo aprobada por esa v\u00eda en 2008.<\/p>\n<p>El presidente, mediante el comunicado, asegur\u00f3 que la iniciativa busca establecer un nuevo marco normativo que permita enfrentar con mayor eficacia al crimen organizado y a las estructuras pol\u00edticas que lo respaldan.<\/p>\n<p>Noboa asegur\u00f3 que el pa\u00eds se encuentra \u201csecuestrado por instituciones que olvidaron a quienes deb\u00edan servir\u201d y que la v\u00eda constituyente busca \u201cdevolver el poder al pueblo\u201d.\u201cEcuador merece liberarse de quienes lo frenan, y esta vez es el turno de los ecuatorianos lograrlo\u201d, se\u00f1al\u00f3 el mandatario, quien insisti\u00f3 en que su proyecto pol\u00edtico se sustenta en la soberan\u00eda popular.<\/p>\n<p>Esta fue una de las promesas de camapa\u00f1a de Daniel Noboa que oficialmente busca respaldo ciudadano. (I)<\/p>\n","protected":false},"excerpt":{"rendered":"<p>El presidente\u00a0Daniel Noboa\u00a0bajo un anuncio oficial acaba de indicar que\u00a0enviar\u00e1 a la Corte Constitucional\u00a0la\u00a0pregunta para que en el refer\u00e9ndum se le consulte a la ciudadan\u00eda la posibilidad de llamar a una nueva Asamblea Constituyente\u00a0para\u00a0derogar la actual Constituci\u00f3n del corre\u00edsmo aprobada por esa v\u00eda en 2008. El presidente, mediante el comunicado, asegur\u00f3 que la iniciativa busca [&hellip;]<\/p>\n","protected":false},"author":1,"featured_media":15696,"comment_status":"open","ping_status":"open","sticky":false,"template":"","format":"standard","meta":{"footnotes":""},"categories":[12],"tags":[],"_links":{"self":[{"href":"https:\/\/infozamoraec.com\/index.php\/wp-json\/wp\/v2\/posts\/15695"}],"collection":[{"href":"https:\/\/infozamoraec.com\/index.php\/wp-json\/wp\/v2\/posts"}],"about":[{"href":"https:\/\/infozamoraec.com\/index.php\/wp-json\/wp\/v2\/types\/post"}],"author":[{"embeddable":true,"href":"https:\/\/infozamoraec.com\/index.php\/wp-json\/wp\/v2\/users\/1"}],"replies":[{"embeddable":true,"href":"https:\/\/infozamoraec.com\/index.php\/wp-json\/wp\/v2\/comments?post=15695"}],"version-history":[{"count":1,"href":"https:\/\/infozamoraec.com\/index.php\/wp-json\/wp\/v2\/posts\/15695\/revisions"}],"predecessor-version":[{"id":15697,"href":"https:\/\/infozamoraec.com\/index.php\/wp-json\/wp\/v2\/posts\/15695\/revisions\/15697"}],"wp:featuredmedia":[{"embeddable":true,"href":"https:\/\/infozamoraec.com\/index.php\/wp-json\/wp\/v2\/media\/15696"}],"wp:attachment":[{"href":"https:\/\/infozamoraec.com\/index.php\/wp-json\/wp\/v2\/media?parent=15695"}],"wp:term":[{"taxonomy":"category","embeddable":true,"href":"https:\/\/infozamoraec.com\/index.php\/wp-json\/wp\/v2\/categories?post=15695"},{"taxonomy":"post_tag","embeddable":true,"href":"https:\/\/infozamoraec.com\/index.php\/wp-json\/wp\/v2\/tags?post=15695"}],"curies":[{"name":"wp","href":"https:\/\/api.w.org\/{rel}","templated":true}]}}