{"id":15679,"date":"2025-09-17T21:23:21","date_gmt":"2025-09-17T21:23:21","guid":{"rendered":"https:\/\/infozamoraec.com\/?p=15679"},"modified":"2025-09-17T21:23:21","modified_gmt":"2025-09-17T21:23:21","slug":"amazonia-recibe-inversion-de-mas-de-110-millones-en-57-proyectos","status":"publish","type":"post","link":"https:\/\/infozamoraec.com\/index.php\/2025\/09\/17\/amazonia-recibe-inversion-de-mas-de-110-millones-en-57-proyectos\/","title":{"rendered":"Amazon\u00eda recibe inversi\u00f3n de m\u00e1s de 110 millones en 57 proyectos"},"content":{"rendered":"<p>Este mi\u00e9rcoles 17 de septiembre, en la ciudad de Tena, provincia de Napo, la Secretar\u00eda T\u00e9cnica Amaz\u00f3nica y el Consejo de Planificaci\u00f3n y Desarrollo anunciaron la aprobaci\u00f3n de una inversi\u00f3n superior a los 110 millones de d\u00f3lares destinada a 57 proyectos en la Circunscripci\u00f3n Territorial Especial Amaz\u00f3nica.<\/p>\n<p>La asignaci\u00f3n de recursos, respaldada por el Presidente de la Rep\u00fablica, Daniel Noboa Azin, busca impulsar el desarrollo integral de la regi\u00f3n con proyectos que fortalezcan la infraestructura, la educaci\u00f3n, la salud, la vialidad y la producci\u00f3n.<\/p>\n<p>En el evento se entregaron oficialmente recursos no reembolsables del Fondo Com\u00fan a 28 proyectos que ya cuentan con certificaci\u00f3n de pagos (CUR). Adem\u00e1s, se firmaron convenios para la transferencia de fondos a los 27 Gobiernos Aut\u00f3nomos Descentralizados (GAD) amaz\u00f3nicos y a dos proyectos del Presupuesto General del Estado, liderados por el Ministerio de Obras P\u00fablicas y el Ministerio de Educaci\u00f3n.<\/p>\n<p>Con esta gesti\u00f3n, la Secretar\u00eda T\u00e9cnica Amaz\u00f3nica subraya que los recursos generados en la regi\u00f3n se quedar\u00e1n en la Amazon\u00eda, con el fin de transformarse en bienestar, oportunidades y progreso para sus habitantes.<\/p>\n","protected":false},"excerpt":{"rendered":"<p>Este mi\u00e9rcoles 17 de septiembre, en la ciudad de Tena, provincia de Napo, la Secretar\u00eda T\u00e9cnica Amaz\u00f3nica y el Consejo de Planificaci\u00f3n y Desarrollo anunciaron la aprobaci\u00f3n de una inversi\u00f3n superior a los 110 millones de d\u00f3lares destinada a 57 proyectos en la Circunscripci\u00f3n Territorial Especial Amaz\u00f3nica. La asignaci\u00f3n de recursos, respaldada por el Presidente [&hellip;]<\/p>\n","protected":false},"author":1,"featured_media":15680,"comment_status":"open","ping_status":"open","sticky":false,"template":"","format":"standard","meta":{"footnotes":""},"categories":[12],"tags":[],"_links":{"self":[{"href":"https:\/\/infozamoraec.com\/index.php\/wp-json\/wp\/v2\/posts\/15679"}],"collection":[{"href":"https:\/\/infozamoraec.com\/index.php\/wp-json\/wp\/v2\/posts"}],"about":[{"href":"https:\/\/infozamoraec.com\/index.php\/wp-json\/wp\/v2\/types\/post"}],"author":[{"embeddable":true,"href":"https:\/\/infozamoraec.com\/index.php\/wp-json\/wp\/v2\/users\/1"}],"replies":[{"embeddable":true,"href":"https:\/\/infozamoraec.com\/index.php\/wp-json\/wp\/v2\/comments?post=15679"}],"version-history":[{"count":1,"href":"https:\/\/infozamoraec.com\/index.php\/wp-json\/wp\/v2\/posts\/15679\/revisions"}],"predecessor-version":[{"id":15681,"href":"https:\/\/infozamoraec.com\/index.php\/wp-json\/wp\/v2\/posts\/15679\/revisions\/15681"}],"wp:featuredmedia":[{"embeddable":true,"href":"https:\/\/infozamoraec.com\/index.php\/wp-json\/wp\/v2\/media\/15680"}],"wp:attachment":[{"href":"https:\/\/infozamoraec.com\/index.php\/wp-json\/wp\/v2\/media?parent=15679"}],"wp:term":[{"taxonomy":"category","embeddable":true,"href":"https:\/\/infozamoraec.com\/index.php\/wp-json\/wp\/v2\/categories?post=15679"},{"taxonomy":"post_tag","embeddable":true,"href":"https:\/\/infozamoraec.com\/index.php\/wp-json\/wp\/v2\/tags?post=15679"}],"curies":[{"name":"wp","href":"https:\/\/api.w.org\/{rel}","templated":true}]}}