{"id":15655,"date":"2025-09-17T02:09:31","date_gmt":"2025-09-17T02:09:31","guid":{"rendered":"https:\/\/infozamoraec.com\/?p=15655"},"modified":"2025-09-17T02:09:31","modified_gmt":"2025-09-17T02:09:31","slug":"daniel-noboa-establece-nuevo-estado-de-excepcion-en-siete-provincias-de-ecuador","status":"publish","type":"post","link":"https:\/\/infozamoraec.com\/index.php\/2025\/09\/17\/daniel-noboa-establece-nuevo-estado-de-excepcion-en-siete-provincias-de-ecuador\/","title":{"rendered":"Daniel Noboa establece nuevo estado de excepci\u00f3n en siete provincias de Ecuador"},"content":{"rendered":"<p>El presidente de la Rep\u00fablica, Daniel Noboa, determin\u00f3 un nuevo estado de excepci\u00f3n para siete provincias de Ecuador.<\/p>\n<p>As\u00ed lo dispuso el Primer Mandatario a trav\u00e9s del Decreto Ejecutivo 134, emitido este martes, 16 de septiembre.<\/p>\n<p>La medida entrar\u00e1 en vigencia en las provincias de Carchi, Imbabura, Pichincha, Azuay, Bol\u00edvar, Cotopaxi, y Santo Domingo, por la causal de grave conmoci\u00f3n interna.<\/p>\n<p>Tendr\u00e1 una vigencia de 60 d\u00edas \u201csin perjuicio de una eventual terminaci\u00f3n anticipada de la declaratoria\u201d.<\/p>\n<p>En el decreto se detalla que la medida deriva de las paralizaciones \u201cque han alterado el orden p\u00fablico, provocando situaciones de violencia manifiesta que pone en riesgo la seguridad de los ciudadanos y sus derechos a la libre circulaci\u00f3n, al trabajo y al ejercicio de actividades econ\u00f3micas\u201d.<\/p>\n<p>En el documento se establece que se busca detener la radicalizaci\u00f3n de las medidas de hecho tomadas en dichas provincias.<\/p>\n<p>Adem\u00e1s se suspende en las provincias de Carchi, Imbabura, Pichincha, Azuay, Bol\u00edvar, Cotopaxi y Santo Domingo el derecho a la libertad de reuni\u00f3n.<\/p>\n<p>Con ello, cita el decreto, no implica restricci\u00f3n al derecho a manifestarse \u201csiempre que sea pac\u00edficamente, y sin afectar los derechos, libertades y garant\u00edas del resto de la ciudadan\u00eda\u201d.<\/p>\n<p>Se dispuso la movilizaci\u00f3n de Fuerzas Armadas y la Polic\u00eda Nacional a estas localidades para reforzar controles. (I)<\/p>\n","protected":false},"excerpt":{"rendered":"<p>El presidente de la Rep\u00fablica, Daniel Noboa, determin\u00f3 un nuevo estado de excepci\u00f3n para siete provincias de Ecuador. As\u00ed lo dispuso el Primer Mandatario a trav\u00e9s del Decreto Ejecutivo 134, emitido este martes, 16 de septiembre. La medida entrar\u00e1 en vigencia en las provincias de Carchi, Imbabura, Pichincha, Azuay, Bol\u00edvar, Cotopaxi, y Santo Domingo, por [&hellip;]<\/p>\n","protected":false},"author":1,"featured_media":15656,"comment_status":"open","ping_status":"open","sticky":false,"template":"","format":"standard","meta":{"footnotes":""},"categories":[12],"tags":[],"_links":{"self":[{"href":"https:\/\/infozamoraec.com\/index.php\/wp-json\/wp\/v2\/posts\/15655"}],"collection":[{"href":"https:\/\/infozamoraec.com\/index.php\/wp-json\/wp\/v2\/posts"}],"about":[{"href":"https:\/\/infozamoraec.com\/index.php\/wp-json\/wp\/v2\/types\/post"}],"author":[{"embeddable":true,"href":"https:\/\/infozamoraec.com\/index.php\/wp-json\/wp\/v2\/users\/1"}],"replies":[{"embeddable":true,"href":"https:\/\/infozamoraec.com\/index.php\/wp-json\/wp\/v2\/comments?post=15655"}],"version-history":[{"count":1,"href":"https:\/\/infozamoraec.com\/index.php\/wp-json\/wp\/v2\/posts\/15655\/revisions"}],"predecessor-version":[{"id":15657,"href":"https:\/\/infozamoraec.com\/index.php\/wp-json\/wp\/v2\/posts\/15655\/revisions\/15657"}],"wp:featuredmedia":[{"embeddable":true,"href":"https:\/\/infozamoraec.com\/index.php\/wp-json\/wp\/v2\/media\/15656"}],"wp:attachment":[{"href":"https:\/\/infozamoraec.com\/index.php\/wp-json\/wp\/v2\/media?parent=15655"}],"wp:term":[{"taxonomy":"category","embeddable":true,"href":"https:\/\/infozamoraec.com\/index.php\/wp-json\/wp\/v2\/categories?post=15655"},{"taxonomy":"post_tag","embeddable":true,"href":"https:\/\/infozamoraec.com\/index.php\/wp-json\/wp\/v2\/tags?post=15655"}],"curies":[{"name":"wp","href":"https:\/\/api.w.org\/{rel}","templated":true}]}}