{"id":15652,"date":"2025-09-17T02:07:43","date_gmt":"2025-09-17T02:07:43","guid":{"rendered":"https:\/\/infozamoraec.com\/?p=15652"},"modified":"2025-09-17T02:07:43","modified_gmt":"2025-09-17T02:07:43","slug":"conaie-exige-al-gobierno-de-ecuador-derogar-el-decreto-sobre-el-fin-del-subsidio-al-diesel","status":"publish","type":"post","link":"https:\/\/infozamoraec.com\/index.php\/2025\/09\/17\/conaie-exige-al-gobierno-de-ecuador-derogar-el-decreto-sobre-el-fin-del-subsidio-al-diesel\/","title":{"rendered":"Conaie &#8216;exige&#8217; al Gobierno de Ecuador derogar el decreto sobre el fin del subsidio al di\u00e9sel"},"content":{"rendered":"<p>En medio de las v\u00edas cerradas en protesta por el fin del subsidio al di\u00e9sel en Ecuador, la Conaie se declar\u00f3 en sesi\u00f3n permanente 16 de septiembre de 2025, y convoc\u00f3 a una asamblea extraordinaria para definir futuras acciones en contra del gobierno de Daniel Noboa.<\/p>\n<p>El presidente de la Conaie, Marlon Vargas, pidi\u00f3 adem\u00e1s al mandatario ecuatoriano la derogatoria del decreto con el que se elimin\u00f3 el subsidio al di\u00e9sel en el pa\u00eds. Esta \u00faltima medida ha motivado una serie de anuncios de protestas y de movilizaciones en las \u00faltimas horas.<\/p>\n<p>\u00abExigimos al gobierno de Daniel Noboa la derogatoria del decreto 126 que perjudica al sector m\u00e1s empobrecido del pueblo ecuatoriano\u00bb, dijo Vargas en una rueda de prensa desde Cuenca (Azuay).<\/p>\n<p>En esta ciudad, la Conaie participar\u00e1 en la gran marcha por el agua, en contra del proyecto minero Loma Larga.<\/p>\n<p>Daniel Noboa decreta estado de excepci\u00f3n en siete provincias de Ecuador, incluyendo a Pichincha y Azuay<\/p>\n<p>La marcha fue convocada el pasado 24 de agosto por el Cabildo por el Agua, una vez que el Ministerio del Ambiente entreg\u00f3 la licencia ambiental a la empresa canadiense Dundee Precious Metals para la fase de explotaci\u00f3n del proyecto minero.<\/p>\n<p>Trabajadores de la Empresa Municipal de Aseo de Cuenca (EMAC) se concentran en San Roque para la Marcha por el agua, el 16 de septiembre de 2025.PRIMICIAS<\/p>\n<p>Sobre esta manifestaci\u00f3n pac\u00edfica, que se realiza este martes en Cuenca, Vargas aplaudi\u00f3 a los cuencanos puesto que , seg\u00fan dijo el dirigente ind\u00edgena, est\u00e1n mostrando \u00abuna lecci\u00f3n de civismo\u00bb.<\/p>\n<p>Por otra parte, Vargas indic\u00f3 que respaldan a quienes se han manifestado en las calles, en protesta por la eliminaci\u00f3n del subsidio al di\u00e9sel, y han cerrado v\u00edas como la Panamericana Norte en Quito.<\/p>\n<p>Tambi\u00e9n invit\u00f3 a otras organizaciones sociales a que se unan en las acciones que tomar\u00eda la Conaie tras su asamblea extraordinaria, prevista para el 18 de septiembre de 2025.<\/p>\n<p>&nbsp;<\/p>\n","protected":false},"excerpt":{"rendered":"<p>En medio de las v\u00edas cerradas en protesta por el fin del subsidio al di\u00e9sel en Ecuador, la Conaie se declar\u00f3 en sesi\u00f3n permanente 16 de septiembre de 2025, y convoc\u00f3 a una asamblea extraordinaria para definir futuras acciones en contra del gobierno de Daniel Noboa. El presidente de la Conaie, Marlon Vargas, pidi\u00f3 adem\u00e1s [&hellip;]<\/p>\n","protected":false},"author":1,"featured_media":15653,"comment_status":"open","ping_status":"open","sticky":false,"template":"","format":"standard","meta":{"footnotes":""},"categories":[12],"tags":[],"_links":{"self":[{"href":"https:\/\/infozamoraec.com\/index.php\/wp-json\/wp\/v2\/posts\/15652"}],"collection":[{"href":"https:\/\/infozamoraec.com\/index.php\/wp-json\/wp\/v2\/posts"}],"about":[{"href":"https:\/\/infozamoraec.com\/index.php\/wp-json\/wp\/v2\/types\/post"}],"author":[{"embeddable":true,"href":"https:\/\/infozamoraec.com\/index.php\/wp-json\/wp\/v2\/users\/1"}],"replies":[{"embeddable":true,"href":"https:\/\/infozamoraec.com\/index.php\/wp-json\/wp\/v2\/comments?post=15652"}],"version-history":[{"count":1,"href":"https:\/\/infozamoraec.com\/index.php\/wp-json\/wp\/v2\/posts\/15652\/revisions"}],"predecessor-version":[{"id":15654,"href":"https:\/\/infozamoraec.com\/index.php\/wp-json\/wp\/v2\/posts\/15652\/revisions\/15654"}],"wp:featuredmedia":[{"embeddable":true,"href":"https:\/\/infozamoraec.com\/index.php\/wp-json\/wp\/v2\/media\/15653"}],"wp:attachment":[{"href":"https:\/\/infozamoraec.com\/index.php\/wp-json\/wp\/v2\/media?parent=15652"}],"wp:term":[{"taxonomy":"category","embeddable":true,"href":"https:\/\/infozamoraec.com\/index.php\/wp-json\/wp\/v2\/categories?post=15652"},{"taxonomy":"post_tag","embeddable":true,"href":"https:\/\/infozamoraec.com\/index.php\/wp-json\/wp\/v2\/tags?post=15652"}],"curies":[{"name":"wp","href":"https:\/\/api.w.org\/{rel}","templated":true}]}}