{"id":15649,"date":"2025-09-17T02:03:43","date_gmt":"2025-09-17T02:03:43","guid":{"rendered":"https:\/\/infozamoraec.com\/?p=15649"},"modified":"2025-09-17T02:03:43","modified_gmt":"2025-09-17T02:03:43","slug":"noboa-designa-a-sus-ministros-de-carteras-fusionadas","status":"publish","type":"post","link":"https:\/\/infozamoraec.com\/index.php\/2025\/09\/17\/noboa-designa-a-sus-ministros-de-carteras-fusionadas\/","title":{"rendered":"Noboa designa a sus ministros de carteras fusionadas"},"content":{"rendered":"<p>El presidente Daniel Noboa emiti\u00f3 siete Decretos Ejecutivos que ratifican o designan nuevos titulares de cartera una vez que el Ejecutivo decidiera fusionar ciertos ministerios con otros. De este modo el nuevo gabinete ministerial queda conformado de la siguiente forma:<\/p>\n<p>A trav\u00e9s del Decreto Ejecutivo No. 135, se ratific\u00f3 a Zaida Elizabeth Rovira Jurado como ministra de Gobierno, tras la absorci\u00f3n del Ministerio de la Mujer y Derechos Humanos. Esta fusi\u00f3n, prevista en el Decreto Ejecutivo No. 101, consolida competencias y recursos bajo una misma cartera, con el objetivo de optimizar la gesti\u00f3n p\u00fablica.<br \/>\nEn el Decreto Ejecutivo No. 136, se design\u00f3 a Harold Andr\u00e9s Burbano Villareal como ministro del nuevo Ministerio de Desarrollo Humano, luego de que el Ministerio de Inclusi\u00f3n Econ\u00f3mica y Social absorbiera a la Secretar\u00eda T\u00e9cnica Ecuador Crece Sin Desnutrici\u00f3n Infantil.<br \/>\nEl Decreto Ejecutivo No. 137 establece la designaci\u00f3n de Roberto Xavier Luque Nuques como ministro de Infraestructura y Transporte. Esta cartera surge de la fusi\u00f3n del Ministerio de Transporte y Obras P\u00fablicas con el Ministerio de Desarrollo Urbano y Vivienda y la Secretar\u00eda T\u00e9cnica del Comit\u00e9 Interinstitucional de Prevenci\u00f3n de Asentamientos Humanos Irregulares.<br \/>\nAsimismo, mediante el Decreto Ejecutivo No. 138, In\u00e9s Mar\u00eda Manzano D\u00edaz fue nombrada ministra de Ambiente y Energ\u00eda, como resultado de la fusi\u00f3n del Ministerio del Ambiente, Agua y Transici\u00f3n Ecol\u00f3gica con el Ministerio de Energ\u00eda y Minas.<br \/>\nMediante el Decreto Ejecutivo 139, el Presidente designa al se\u00f1or Franklin Danilo Palacios M\u00e1rquez como Ministro de Agricultura, Ganader\u00eda y Pesca.<br \/>\nEl Decreto Ejecutivo 140 designa a la se\u00f1orita Alegr\u00eda de Lourdes Crespo Cordovez como Ministra de Educaci\u00f3n, Deporte y Cultura.<br \/>\nA trav\u00e9s del Decreto Ejecutivo 141, el Presidente nombr\u00f3 al se\u00f1or Luis Alberto Jaramillo Granja como Ministro de Producci\u00f3n, Comercio Exterior e Inversiones.<\/p>\n","protected":false},"excerpt":{"rendered":"<p>El presidente Daniel Noboa emiti\u00f3 siete Decretos Ejecutivos que ratifican o designan nuevos titulares de cartera una vez que el Ejecutivo decidiera fusionar ciertos ministerios con otros. De este modo el nuevo gabinete ministerial queda conformado de la siguiente forma: A trav\u00e9s del Decreto Ejecutivo No. 135, se ratific\u00f3 a Zaida Elizabeth Rovira Jurado como [&hellip;]<\/p>\n","protected":false},"author":1,"featured_media":15650,"comment_status":"open","ping_status":"open","sticky":false,"template":"","format":"standard","meta":{"footnotes":""},"categories":[12],"tags":[],"_links":{"self":[{"href":"https:\/\/infozamoraec.com\/index.php\/wp-json\/wp\/v2\/posts\/15649"}],"collection":[{"href":"https:\/\/infozamoraec.com\/index.php\/wp-json\/wp\/v2\/posts"}],"about":[{"href":"https:\/\/infozamoraec.com\/index.php\/wp-json\/wp\/v2\/types\/post"}],"author":[{"embeddable":true,"href":"https:\/\/infozamoraec.com\/index.php\/wp-json\/wp\/v2\/users\/1"}],"replies":[{"embeddable":true,"href":"https:\/\/infozamoraec.com\/index.php\/wp-json\/wp\/v2\/comments?post=15649"}],"version-history":[{"count":1,"href":"https:\/\/infozamoraec.com\/index.php\/wp-json\/wp\/v2\/posts\/15649\/revisions"}],"predecessor-version":[{"id":15651,"href":"https:\/\/infozamoraec.com\/index.php\/wp-json\/wp\/v2\/posts\/15649\/revisions\/15651"}],"wp:featuredmedia":[{"embeddable":true,"href":"https:\/\/infozamoraec.com\/index.php\/wp-json\/wp\/v2\/media\/15650"}],"wp:attachment":[{"href":"https:\/\/infozamoraec.com\/index.php\/wp-json\/wp\/v2\/media?parent=15649"}],"wp:term":[{"taxonomy":"category","embeddable":true,"href":"https:\/\/infozamoraec.com\/index.php\/wp-json\/wp\/v2\/categories?post=15649"},{"taxonomy":"post_tag","embeddable":true,"href":"https:\/\/infozamoraec.com\/index.php\/wp-json\/wp\/v2\/tags?post=15649"}],"curies":[{"name":"wp","href":"https:\/\/api.w.org\/{rel}","templated":true}]}}