{"id":15646,"date":"2025-09-17T02:02:15","date_gmt":"2025-09-17T02:02:15","guid":{"rendered":"https:\/\/infozamoraec.com\/?p=15646"},"modified":"2025-09-17T02:02:15","modified_gmt":"2025-09-17T02:02:15","slug":"termina-el-paro-de-transporte-en-carchi-tras-acuerdos-con-el-gobierno","status":"publish","type":"post","link":"https:\/\/infozamoraec.com\/index.php\/2025\/09\/17\/termina-el-paro-de-transporte-en-carchi-tras-acuerdos-con-el-gobierno\/","title":{"rendered":"Termina el paro de transporte en Carchi tras acuerdos con el Gobierno"},"content":{"rendered":"<p>Seg\u00fan inform\u00f3\u00a0el gobernador de Carchi,\u00a0Andr\u00e9s Mart\u00ednez Castillo, anunci\u00f3\u00a0la tarde de este 16 de septiembre que \u00abtermina la paralizaci\u00f3n de transportistas\u00bb\u00a0en esta provincia,\u00a0tras la firma de un acuerdo con dirigentes del gremio.<\/p>\n<p>Mart\u00ednez confes\u00f3 que el acuerdo gira en torno a garantizar la seguridad en las carreteras, la habilitaci\u00f3n de puntos de descanso para los transportistas y controles en las v\u00edas, que fue lo que origin\u00f3 las protestas antes de que el Gobierno eliminara el subsidio al di\u00e9sel.<\/p>\n<p>La inseguridad en las carreteras era una preocupaci\u00f3n para los transportistas de Carchi, pues hace semanas un conductor de un cami\u00f3n de esta provincia fue asesinado en Guayas por delincuentes en un intento de asalto.<\/p>\n<p>Como parte del acuerdo se proceder\u00e1 con la habilitaci\u00f3n de la Panamericana E35, que estaba cerrada por los manifestantes, en Julio Andrade<\/p>\n","protected":false},"excerpt":{"rendered":"<p>Seg\u00fan inform\u00f3\u00a0el gobernador de Carchi,\u00a0Andr\u00e9s Mart\u00ednez Castillo, anunci\u00f3\u00a0la tarde de este 16 de septiembre que \u00abtermina la paralizaci\u00f3n de transportistas\u00bb\u00a0en esta provincia,\u00a0tras la firma de un acuerdo con dirigentes del gremio. Mart\u00ednez confes\u00f3 que el acuerdo gira en torno a garantizar la seguridad en las carreteras, la habilitaci\u00f3n de puntos de descanso para los transportistas [&hellip;]<\/p>\n","protected":false},"author":1,"featured_media":15647,"comment_status":"open","ping_status":"open","sticky":false,"template":"","format":"standard","meta":{"footnotes":""},"categories":[12],"tags":[],"_links":{"self":[{"href":"https:\/\/infozamoraec.com\/index.php\/wp-json\/wp\/v2\/posts\/15646"}],"collection":[{"href":"https:\/\/infozamoraec.com\/index.php\/wp-json\/wp\/v2\/posts"}],"about":[{"href":"https:\/\/infozamoraec.com\/index.php\/wp-json\/wp\/v2\/types\/post"}],"author":[{"embeddable":true,"href":"https:\/\/infozamoraec.com\/index.php\/wp-json\/wp\/v2\/users\/1"}],"replies":[{"embeddable":true,"href":"https:\/\/infozamoraec.com\/index.php\/wp-json\/wp\/v2\/comments?post=15646"}],"version-history":[{"count":1,"href":"https:\/\/infozamoraec.com\/index.php\/wp-json\/wp\/v2\/posts\/15646\/revisions"}],"predecessor-version":[{"id":15648,"href":"https:\/\/infozamoraec.com\/index.php\/wp-json\/wp\/v2\/posts\/15646\/revisions\/15648"}],"wp:featuredmedia":[{"embeddable":true,"href":"https:\/\/infozamoraec.com\/index.php\/wp-json\/wp\/v2\/media\/15647"}],"wp:attachment":[{"href":"https:\/\/infozamoraec.com\/index.php\/wp-json\/wp\/v2\/media?parent=15646"}],"wp:term":[{"taxonomy":"category","embeddable":true,"href":"https:\/\/infozamoraec.com\/index.php\/wp-json\/wp\/v2\/categories?post=15646"},{"taxonomy":"post_tag","embeddable":true,"href":"https:\/\/infozamoraec.com\/index.php\/wp-json\/wp\/v2\/tags?post=15646"}],"curies":[{"name":"wp","href":"https:\/\/api.w.org\/{rel}","templated":true}]}}