{"id":15617,"date":"2025-09-16T03:04:08","date_gmt":"2025-09-16T03:04:08","guid":{"rendered":"https:\/\/infozamoraec.com\/?p=15617"},"modified":"2025-09-16T03:04:23","modified_gmt":"2025-09-16T03:04:23","slug":"tarifa-electrica-sube-hasta-un-35-en-ciertas-horas-para-industrias-y-empresas","status":"publish","type":"post","link":"https:\/\/infozamoraec.com\/index.php\/2025\/09\/16\/tarifa-electrica-sube-hasta-un-35-en-ciertas-horas-para-industrias-y-empresas\/","title":{"rendered":"Tarifa el\u00e9ctrica sube hasta un 35 % en ciertas horas para industrias y empresas"},"content":{"rendered":"<p>Las tarifas el\u00e9ctricas que rigen desde el 1 de julio para los segmentos de consumo de medio voltaje (MV) y de alto voltaje (AV1) han significado un alza promedio aproximado de 25 % y 29 %, y puede llegar al 35 % en ciertas franjas horarias, seg\u00fan el Comit\u00e9 Empresarial Ecuatoriano (CEE).<\/p>\n<p>A los dos meses de regir la medida, el titular del gremio, Juan Carlos Navarro, comenta el impacto que ha registrado en el sector y las principales complicaciones de las empresas del segmento de consumo AV para implementar su propia generaci\u00f3n de energ\u00eda, cuyo plazo es de 18 meses y que empez\u00f3 a correr desde el 1 de julio.<\/p>\n<p>En junio pasado, el Gobierno anunci\u00f3 el ajuste de las tarifas el\u00e9ctricas en los segmentos de consumo AV1 y MV. No se incluy\u00f3 al sector residencial.<\/p>\n<p>La tarifa del grupo AV1 pas\u00f3 de un precio medio de $ 0,0791 por kilovatio hora (kWh) a $ 0,1022 por kWh. Mientras que para los consumidores del segmento MV subi\u00f3 de $ 0,0927 por kWh a $ 0,1164 por kWh.<\/p>\n<p>Navarro comenta que la subida de la tarifa el\u00e9ctrica no fue solo para el sector industrial; lo fue tambi\u00e9n para el comercial. \u201cEsta se dio a partir de los consumos del mes de julio, es decir, medio y alto voltaje. En esta \u00faltima est\u00e1 \u00fanicamente la AV1, ya que la AV2 sufri\u00f3 un incremento desde enero\u201d, dice.<\/p>\n<p>Comenta que el incremento promedio aproximado es del 25 % para los de MV y del 29 % para AV1 a nivel nacional; aunque, en el caso de empresas distribuidoras, como Corporaci\u00f3n Nacional de Electricidad (CNEL) Guayaquil, el incremento llega a estar entre 31 % y 35 %, dependiendo de la franja horaria; es decir, el impacto de la subida ser\u00e1 distinto, seg\u00fan el horario en el que se concentre el consumo.<\/p>\n<p>Dentro del segmento industrial, los AV1 y MV representan el 94 % del consumo; y en el segmento comercial representan el 41 %. El n\u00famero de consumidores AV1 es de 167; y el MV es de 39.550, dice el presidente del CEE citando datos del Ministerio de Energ\u00eda a nivel nacional.<\/p>\n<p>Asimismo, comenta que los tipos de consumidores del sector privado involucrados en el incremento son del segmento industrial y el comercial, los cuales representan en su conjunto el 36 % del consumo y el 34 % de la facturaci\u00f3n, seg\u00fan datos del 2024 de la Agencia de Regulaci\u00f3n y Control de Electricidad (Arconel).<\/p>\n<p>Agrega que el resto (que no tienen subida en la tarifa) son los usuarios residenciales (43 %), los de bajo voltaje (15 %) y otros consumidores (6 %).<\/p>\n<p>Implementaci\u00f3n de autogeneraci\u00f3n y sus desaf\u00edos<\/p>\n<p>El 15 de junio, a trav\u00e9s de un decreto ejecutivo, el presidente Daniel Noboa dispuso que las empresas del segmento de consumo AV implementen su propia generaci\u00f3n de energ\u00eda.<\/p>\n<p>El presidente del CEE comenta que el plazo empez\u00f3 el 1 de julio, a pesar de que solicitaron al entonces viceministro de Electricidad y Energ\u00eda Renovable, Fabi\u00e1n Calero, que se aplazara por lo menos tres meses su inicio hasta que se hubieran implementado las normas para su aplicaci\u00f3n.<\/p>\n<p>Explica que las empresas AV2 que son las de mayor consumo son cinco: est\u00e1n las mineras, acereras y Petroecuador. \u201cEstas pr\u00e1cticamente est\u00e1n listas para cubrirse en el 100 % con autogeneraci\u00f3n, pero no necesariamente de forma permanente, es decir, 24 horas al d\u00eda, sobre todo las acereras\u201d, sostiene.<\/p>\n<p>En el caso de las AV1, dice que de los 167 consumidores, seg\u00fan un sondeo que hicieron desde la C\u00e1mara de Industrias de Guayaquil, podr\u00edan autoabastecerse en promedio hasta en un 45 % de su demanda, aunque no las 24 horas, dependiendo de su naturaleza productiva. \u201cLas principales complicaciones tienen que ver con limitaciones f\u00edsicas, t\u00e9cnicas o financieras, y con el poco tiempo para implementar todo\u201d, afirma.<\/p>\n<p>Dice que, si bien el art\u00edculo 32 busca incentivar la autogeneraci\u00f3n y mejorar la eficiencia en el uso de la energ\u00eda, para las empresas su implementaci\u00f3n plantea importantes desaf\u00edos.<\/p>\n<p>Comenta que existen limitaciones t\u00e9cnicas y de infraestructura, ya que no todas las industrias cuentan con el espacio f\u00edsico ni con la capacidad tecnol\u00f3gica para instalar sistemas de generaci\u00f3n propios. A esto suma el alto costo financiero inicial de las inversiones requeridas, que en muchos casos no pueden ser recuperadas en el corto plazo.<\/p>\n<p>Se\u00f1ala que otro obst\u00e1culo es la incertidumbre regulatoria, pues las normas de aplicaci\u00f3n a\u00fan no est\u00e1n completamente claras ni armonizadas con la realidad operativa de los sectores.<\/p>\n<p>Finalmente, dice que el tiempo asignado de 18 meses resulta insuficiente para que muchas compa\u00f1\u00edas puedan planificar, financiar, adquirir e implementar equipos de generaci\u00f3n, lo que genera riesgos de incumplimiento y sanciones. \u201cM\u00e1s all\u00e1 de la voluntad del sector privado, el \u00e9xito de la medida depender\u00e1 de que el Estado asegure reglas claras, mecanismos de apoyo financiero y plazos realistas que permitan a las empresas cumplir sin comprometer su competitividad\u201d, apunta. (I)<\/p>\n<p>&nbsp;<\/p>\n","protected":false},"excerpt":{"rendered":"<p>Las tarifas el\u00e9ctricas que rigen desde el 1 de julio para los segmentos de consumo de medio voltaje (MV) y de alto voltaje (AV1) han significado un alza promedio aproximado de 25 % y 29 %, y puede llegar al 35 % en ciertas franjas horarias, seg\u00fan el Comit\u00e9 Empresarial Ecuatoriano (CEE). A los dos [&hellip;]<\/p>\n","protected":false},"author":1,"featured_media":15618,"comment_status":"open","ping_status":"open","sticky":false,"template":"","format":"standard","meta":{"footnotes":""},"categories":[12],"tags":[],"_links":{"self":[{"href":"https:\/\/infozamoraec.com\/index.php\/wp-json\/wp\/v2\/posts\/15617"}],"collection":[{"href":"https:\/\/infozamoraec.com\/index.php\/wp-json\/wp\/v2\/posts"}],"about":[{"href":"https:\/\/infozamoraec.com\/index.php\/wp-json\/wp\/v2\/types\/post"}],"author":[{"embeddable":true,"href":"https:\/\/infozamoraec.com\/index.php\/wp-json\/wp\/v2\/users\/1"}],"replies":[{"embeddable":true,"href":"https:\/\/infozamoraec.com\/index.php\/wp-json\/wp\/v2\/comments?post=15617"}],"version-history":[{"count":1,"href":"https:\/\/infozamoraec.com\/index.php\/wp-json\/wp\/v2\/posts\/15617\/revisions"}],"predecessor-version":[{"id":15619,"href":"https:\/\/infozamoraec.com\/index.php\/wp-json\/wp\/v2\/posts\/15617\/revisions\/15619"}],"wp:featuredmedia":[{"embeddable":true,"href":"https:\/\/infozamoraec.com\/index.php\/wp-json\/wp\/v2\/media\/15618"}],"wp:attachment":[{"href":"https:\/\/infozamoraec.com\/index.php\/wp-json\/wp\/v2\/media?parent=15617"}],"wp:term":[{"taxonomy":"category","embeddable":true,"href":"https:\/\/infozamoraec.com\/index.php\/wp-json\/wp\/v2\/categories?post=15617"},{"taxonomy":"post_tag","embeddable":true,"href":"https:\/\/infozamoraec.com\/index.php\/wp-json\/wp\/v2\/tags?post=15617"}],"curies":[{"name":"wp","href":"https:\/\/api.w.org\/{rel}","templated":true}]}}