{"id":15611,"date":"2025-09-16T02:59:17","date_gmt":"2025-09-16T02:59:17","guid":{"rendered":"https:\/\/infozamoraec.com\/?p=15611"},"modified":"2025-09-16T02:59:17","modified_gmt":"2025-09-16T02:59:17","slug":"la-circulacion-vehicular-se-normaliza-en-varias-vias-de-carchi-y-pichincha-informa-la-policia","status":"publish","type":"post","link":"https:\/\/infozamoraec.com\/index.php\/2025\/09\/16\/la-circulacion-vehicular-se-normaliza-en-varias-vias-de-carchi-y-pichincha-informa-la-policia\/","title":{"rendered":"La circulaci\u00f3n vehicular se normaliza en varias v\u00edas de Carchi y Pichincha, informa la Polic\u00eda"},"content":{"rendered":"<p>La provincia del Carchi, fronteriza con Colombia, amaneci\u00f3 este lunes con algunas v\u00edas cerradas por protestas de transportistas en rechazo a la eliminaci\u00f3n del subsidio al di\u00e9sel, mientras la normalidad ha sido la t\u00f3nica en el resto del pa\u00eds, incluida la capital, Quito. A lo largo del d\u00eda, cierres viales han sido reportados en diversas partes del pa\u00eds mientras otros fueron desarticulados por las autoridades.<\/p>\n<p>El Servicio Integrado de Seguridad (ECU 911) inform\u00f3 a las 17h05 que hay cierres viales en Carchi (en Tulc\u00e1n, Bol\u00edvar y Mont\u00fafar) y Los R\u00edos (Quevedo).<\/p>\n<p>Al mismo tiempo, Polic\u00eda Nacional asegura que, tras intervenciones de agentes, se ha normalizado la circulaci\u00f3n en sectores como Control Sur (Tulc\u00e1n) y en el peaje de La Chiver\u00eda. En el cant\u00f3n Mej\u00eda (Pichincha), autoridades de Gobierno dialogaron con representantes de transporte, poniendo fin al cierre de las v\u00edas. A las 17h22, la Polic\u00eda anunci\u00f3 en su cuenta de X que los caminos se encuentran habilitados.<\/p>\n<p>Quito, amaneci\u00f3 con transporte p\u00fablico luego de que el domingo los dirigentes del sector informaron de que suspendieron la paralizaci\u00f3n anunciada en Pichincha en rechazo a la eliminaci\u00f3n del subsidio al di\u00e9sel.<\/p>\n<p>Los establecimientos educativos, que este mes iniciaron sus actividades, tambi\u00e9n desarrollaron con normalidad sus labores y la jornada en el aeropuerto internacional de Quito se mantuvo sin contratiempos.<\/p>\n<p>Tambi\u00e9n en la ciudad costera de Guayaquil -la m\u00e1s grande del pa\u00eds- se desarrollaron las actividades con normalidad y se mantuvo el costo de los pasajes del transporte p\u00fablico.<\/p>\n","protected":false},"excerpt":{"rendered":"<p>La provincia del Carchi, fronteriza con Colombia, amaneci\u00f3 este lunes con algunas v\u00edas cerradas por protestas de transportistas en rechazo a la eliminaci\u00f3n del subsidio al di\u00e9sel, mientras la normalidad ha sido la t\u00f3nica en el resto del pa\u00eds, incluida la capital, Quito. A lo largo del d\u00eda, cierres viales han sido reportados en diversas [&hellip;]<\/p>\n","protected":false},"author":1,"featured_media":15612,"comment_status":"open","ping_status":"open","sticky":false,"template":"","format":"standard","meta":{"footnotes":""},"categories":[12],"tags":[],"_links":{"self":[{"href":"https:\/\/infozamoraec.com\/index.php\/wp-json\/wp\/v2\/posts\/15611"}],"collection":[{"href":"https:\/\/infozamoraec.com\/index.php\/wp-json\/wp\/v2\/posts"}],"about":[{"href":"https:\/\/infozamoraec.com\/index.php\/wp-json\/wp\/v2\/types\/post"}],"author":[{"embeddable":true,"href":"https:\/\/infozamoraec.com\/index.php\/wp-json\/wp\/v2\/users\/1"}],"replies":[{"embeddable":true,"href":"https:\/\/infozamoraec.com\/index.php\/wp-json\/wp\/v2\/comments?post=15611"}],"version-history":[{"count":1,"href":"https:\/\/infozamoraec.com\/index.php\/wp-json\/wp\/v2\/posts\/15611\/revisions"}],"predecessor-version":[{"id":15613,"href":"https:\/\/infozamoraec.com\/index.php\/wp-json\/wp\/v2\/posts\/15611\/revisions\/15613"}],"wp:featuredmedia":[{"embeddable":true,"href":"https:\/\/infozamoraec.com\/index.php\/wp-json\/wp\/v2\/media\/15612"}],"wp:attachment":[{"href":"https:\/\/infozamoraec.com\/index.php\/wp-json\/wp\/v2\/media?parent=15611"}],"wp:term":[{"taxonomy":"category","embeddable":true,"href":"https:\/\/infozamoraec.com\/index.php\/wp-json\/wp\/v2\/categories?post=15611"},{"taxonomy":"post_tag","embeddable":true,"href":"https:\/\/infozamoraec.com\/index.php\/wp-json\/wp\/v2\/tags?post=15611"}],"curies":[{"name":"wp","href":"https:\/\/api.w.org\/{rel}","templated":true}]}}