{"id":15567,"date":"2025-09-13T01:28:03","date_gmt":"2025-09-13T01:28:03","guid":{"rendered":"https:\/\/infozamoraec.com\/?p=15567"},"modified":"2025-09-13T01:28:03","modified_gmt":"2025-09-13T01:28:03","slug":"daniel-noboa-nombra-nuevos-embajadores-del-ecuador-para-chipre-eslovenia-y-suecia","status":"publish","type":"post","link":"https:\/\/infozamoraec.com\/index.php\/2025\/09\/13\/daniel-noboa-nombra-nuevos-embajadores-del-ecuador-para-chipre-eslovenia-y-suecia\/","title":{"rendered":"Daniel Noboa nombra nuevos embajadores del Ecuador para Chipre, Eslovenia y Suecia"},"content":{"rendered":"<p>El presidente de Ecuador, Daniel Noboa, design\u00f3 este viernes, 12 de septiembre, a tres nuevos representantes diplom\u00e1ticos del pa\u00eds en el exterior, reforzando la presencia del pa\u00eds en diferentes regiones del mundo.<\/p>\n<p>Mar\u00eda Cristina Cevallos Calero fue nombrada embajadora extraordinaria y plenipotenciaria concurrente ante la Rep\u00fablica de Chipre, con residencia en Tel Aviv, Israel, seg\u00fan el Decreto Ejecutivo 122.<\/p>\n<p>Por su parte, Esteban Assar Moscoso Bohman fue designado embajador extraordinario y plenipotenciario concurrente ante la Rep\u00fablica de Eslovenia, con residencia en Roma, Italia, de acuerdo con el Decreto Ejecutivo 121.<\/p>\n<p>Asimismo, Inty Andr\u00e9s Gr\u00f8nneberg Ipiales fue nombrado embajador extraordinario y plenipotenciario ante el Reino de Suecia, seg\u00fan el Decreto Ejecutivo 120.<\/p>\n<p>Los decretos, firmados en Guayaquil, encomiendan al Ministerio de Relaciones Exteriores y Movilidad Humana la ejecuci\u00f3n de estos nombramientos.<\/p>\n","protected":false},"excerpt":{"rendered":"<p>El presidente de Ecuador, Daniel Noboa, design\u00f3 este viernes, 12 de septiembre, a tres nuevos representantes diplom\u00e1ticos del pa\u00eds en el exterior, reforzando la presencia del pa\u00eds en diferentes regiones del mundo. Mar\u00eda Cristina Cevallos Calero fue nombrada embajadora extraordinaria y plenipotenciaria concurrente ante la Rep\u00fablica de Chipre, con residencia en Tel Aviv, Israel, seg\u00fan [&hellip;]<\/p>\n","protected":false},"author":1,"featured_media":15568,"comment_status":"open","ping_status":"open","sticky":false,"template":"","format":"standard","meta":{"footnotes":""},"categories":[12],"tags":[],"_links":{"self":[{"href":"https:\/\/infozamoraec.com\/index.php\/wp-json\/wp\/v2\/posts\/15567"}],"collection":[{"href":"https:\/\/infozamoraec.com\/index.php\/wp-json\/wp\/v2\/posts"}],"about":[{"href":"https:\/\/infozamoraec.com\/index.php\/wp-json\/wp\/v2\/types\/post"}],"author":[{"embeddable":true,"href":"https:\/\/infozamoraec.com\/index.php\/wp-json\/wp\/v2\/users\/1"}],"replies":[{"embeddable":true,"href":"https:\/\/infozamoraec.com\/index.php\/wp-json\/wp\/v2\/comments?post=15567"}],"version-history":[{"count":1,"href":"https:\/\/infozamoraec.com\/index.php\/wp-json\/wp\/v2\/posts\/15567\/revisions"}],"predecessor-version":[{"id":15569,"href":"https:\/\/infozamoraec.com\/index.php\/wp-json\/wp\/v2\/posts\/15567\/revisions\/15569"}],"wp:featuredmedia":[{"embeddable":true,"href":"https:\/\/infozamoraec.com\/index.php\/wp-json\/wp\/v2\/media\/15568"}],"wp:attachment":[{"href":"https:\/\/infozamoraec.com\/index.php\/wp-json\/wp\/v2\/media?parent=15567"}],"wp:term":[{"taxonomy":"category","embeddable":true,"href":"https:\/\/infozamoraec.com\/index.php\/wp-json\/wp\/v2\/categories?post=15567"},{"taxonomy":"post_tag","embeddable":true,"href":"https:\/\/infozamoraec.com\/index.php\/wp-json\/wp\/v2\/tags?post=15567"}],"curies":[{"name":"wp","href":"https:\/\/api.w.org\/{rel}","templated":true}]}}