{"id":15563,"date":"2025-09-13T01:26:05","date_gmt":"2025-09-13T01:26:05","guid":{"rendered":"https:\/\/infozamoraec.com\/?p=15563"},"modified":"2025-09-13T01:26:05","modified_gmt":"2025-09-13T01:26:05","slug":"expolicia-senala-a-serrano-jordan-y-al-hermano-de-petro-en-el-asesinato-de-villavicencio","status":"publish","type":"post","link":"https:\/\/infozamoraec.com\/index.php\/2025\/09\/13\/expolicia-senala-a-serrano-jordan-y-al-hermano-de-petro-en-el-asesinato-de-villavicencio\/","title":{"rendered":"Expolic\u00eda se\u00f1ala a Serrano, Jord\u00e1n y al hermano de Petro en el asesinato de Villavicencio"},"content":{"rendered":"<p>\u00abJonathan\u00bb, como se lo conoc\u00eda dentro de la Inteligencia policial, devel\u00f3 en su testimonio que era contratado para espiar al excandidato presidencial Fernando Villavicencio. \u00abJonathan\u00bb era un agente que alcanz\u00f3 varios m\u00e9ritoos y reconocimientos mientras Jos\u00e9 Serrano era ministro del Interior, entre 2011 y 2016, en el Gobierno de Rafael Correa.<\/p>\n<p>Sin embargo, la carrera policial de este polic\u00eda culmin\u00f3 en 2021 donde fue sentenciado por un robo con muerte y por un asalto a un cajero autom\u00e1tico. Actualmente, est\u00e1 detenido en la C\u00e1rcel 4 de Quito. Sin embargo, acudi\u00f3 a la Fsical\u00eda para rendir su versi\u00f3n libre y voluntaria en el caso \u2018Magnicidio FV\u2019.<\/p>\n<p>\u00abJonathan\u00bb empez\u00f3 su relato indicando que cuando, en 2019, estaba trabajando en Cuenca, fue vinculado a un asesinato y sentenciado a 34 a\u00f1os y ocho meses de prisi\u00f3n. Fue recluido en la C\u00e1rcel 4 de Quito, en donde conoci\u00f3 a Daniel Salcedo Bonilla, quien a su vez tiene cinco sentencias por corrupci\u00f3n y es uno de los procesados en el caso Villavicencio. Jonathan tambi\u00e9n reconoci\u00f3 la amistad entre Salcedo y Javier Jord\u00e1n.<\/p>\n<p>Entre Salcedo y el exagente entablaron amistad y Salcedo le dio protecci\u00f3n dentro de la c\u00e1rcel a cambio de que gracias a sus habilidades como agente de inteligencia de la Polic\u00eda Nacional, en julio de 2022, le habr\u00eda pedido que gestione unas vigilancias y seguimientos a Fernando Villavicencio (en ese entonces, Villavicencio era asamble\u00edsta y presid\u00eda la Comisi\u00f3n de Fiscalizaci\u00f3n).<\/p>\n<p>\u00abFue alrededor de unos 3 o 4 d\u00edas de seguimiento donde se generaron fotograf\u00edas de ciertas rutinas del se\u00f1or Villavicencio. Esas fotograf\u00edas fueron pasadas por mi persona directamente al se\u00f1or Daniel Salcedo, desconociendo el fin \u00faltimo que tuvieron\u00bb, cont\u00f3 el expolic\u00eda de inteligencia.<\/p>\n<p>Reuni\u00f3n entre Salcedo y Serrano<br \/>\nPero adem\u00e1s, en julio de ese a\u00f1o, \u00abJonathan\u00bb tuvo una reuni\u00f3n con Daniel Salcedo, quien recuper\u00f3 su libetad tras un dudoso fallo judicial, en el estacionamiento de una plaza comercial en Samborond\u00f3n. All\u00ed se subi\u00f3 a un auto y tuvieron una videollamada con Serrano.<\/p>\n<p>Serrano le dijo claramente: \u00ab\u00bbJonathan\u00bb, si esto no fuera importante, cr\u00e9eme que no cont\u00e1ramos contigo y es de car\u00e1cter urgente\u201d Jonathan es mi nombre de trabajo en las unidades de inteligencia que ciertos oficiales de polic\u00eda y que el se\u00f1or Jos\u00e9 Serrano conoc\u00edan\u00ab, explic\u00f3 el exagente.<\/p>\n<p>As\u00ed mismo, por disposici\u00f3n de Serrano, seg\u00fan cita el documento, \u00abJonathan\u00bb se reuni\u00f3 con un coronel cerca de las instalaciones de la Direcci\u00f3n de Inteligencia en el norte de Quito, quien le entreg\u00f3 un dispositivo GPS. El equipo fue colocado posteriormente en uno de los veh\u00edculos que conformaban la caravana de Villavicencio.<\/p>\n<p>\u201cJos\u00e9 Serrano me manifest\u00f3 que ellos retomar\u00edan el poder del pa\u00eds y que \u00e9l personalmente se encargar\u00eda de reincorporarme a la instituci\u00f3n policial\u201d, dijo el expolic\u00eda.<\/p>\n<p>Reuni\u00f3n con el hermano de Petro para pedir asilo a Salcedo en Colombia<br \/>\nEn la versi\u00f3n del expolic\u00eda, dijo que conceder el asilo para Daniel Salcedo en Colombia iba a costar USD 1 mill\u00f3n. Por ello, \u00abJonathan\u00bb se reuni\u00f3 en 2023 en Bogot\u00e1 con el hermano del presidente Gustavo Petro. Seg\u00fan dijo el agente, el dinero iba a entregarse USD 500 000 en el sector de Pasto, en efectivo y con billetes de 100. el resto del dinero se dar\u00eda cuando se gestionara el tema.<\/p>\n<p>Adem\u00e1s revel\u00f3 que Serrano ten\u00eda v\u00ednculos con Los Choneros y les entreg\u00f3 las c\u00e1rceles y armas de fuego, adem\u00e1s de 116 c\u00e9dulas de identidad a miembros de las FARC. \u00abJonathan\u00bb, tambi\u00e9n por \u00f3rdenes de Serrano, compr\u00f3 fusiles y otras armas largas a las FARC para d\u00e1rselas a Los Choneros.<\/p>\n<p>Seg\u00fan \u00abJonathan\u00bb, Serrano sab\u00eda que en Ecuador podr\u00eda haber una crisis de inseguridad por el enfrentamiento entre bandas, \u00abpor lo que \u00e9l buscaba que s\u00f3lo queden Los Choneros como grupo predominante para que la paz se mantenga\u00bb, dijo en su testimonio el exagente. (I)<\/p>\n","protected":false},"excerpt":{"rendered":"<p>\u00abJonathan\u00bb, como se lo conoc\u00eda dentro de la Inteligencia policial, devel\u00f3 en su testimonio que era contratado para espiar al excandidato presidencial Fernando Villavicencio. \u00abJonathan\u00bb era un agente que alcanz\u00f3 varios m\u00e9ritoos y reconocimientos mientras Jos\u00e9 Serrano era ministro del Interior, entre 2011 y 2016, en el Gobierno de Rafael Correa. Sin embargo, la carrera [&hellip;]<\/p>\n","protected":false},"author":1,"featured_media":15564,"comment_status":"open","ping_status":"open","sticky":false,"template":"","format":"standard","meta":{"footnotes":""},"categories":[12],"tags":[],"_links":{"self":[{"href":"https:\/\/infozamoraec.com\/index.php\/wp-json\/wp\/v2\/posts\/15563"}],"collection":[{"href":"https:\/\/infozamoraec.com\/index.php\/wp-json\/wp\/v2\/posts"}],"about":[{"href":"https:\/\/infozamoraec.com\/index.php\/wp-json\/wp\/v2\/types\/post"}],"author":[{"embeddable":true,"href":"https:\/\/infozamoraec.com\/index.php\/wp-json\/wp\/v2\/users\/1"}],"replies":[{"embeddable":true,"href":"https:\/\/infozamoraec.com\/index.php\/wp-json\/wp\/v2\/comments?post=15563"}],"version-history":[{"count":2,"href":"https:\/\/infozamoraec.com\/index.php\/wp-json\/wp\/v2\/posts\/15563\/revisions"}],"predecessor-version":[{"id":15566,"href":"https:\/\/infozamoraec.com\/index.php\/wp-json\/wp\/v2\/posts\/15563\/revisions\/15566"}],"wp:featuredmedia":[{"embeddable":true,"href":"https:\/\/infozamoraec.com\/index.php\/wp-json\/wp\/v2\/media\/15564"}],"wp:attachment":[{"href":"https:\/\/infozamoraec.com\/index.php\/wp-json\/wp\/v2\/media?parent=15563"}],"wp:term":[{"taxonomy":"category","embeddable":true,"href":"https:\/\/infozamoraec.com\/index.php\/wp-json\/wp\/v2\/categories?post=15563"},{"taxonomy":"post_tag","embeddable":true,"href":"https:\/\/infozamoraec.com\/index.php\/wp-json\/wp\/v2\/tags?post=15563"}],"curies":[{"name":"wp","href":"https:\/\/api.w.org\/{rel}","templated":true}]}}