{"id":15560,"date":"2025-09-13T01:23:46","date_gmt":"2025-09-13T01:23:46","guid":{"rendered":"https:\/\/infozamoraec.com\/?p=15560"},"modified":"2025-09-13T01:23:46","modified_gmt":"2025-09-13T01:23:46","slug":"noboa-dice-que-declarara-en-emergencia-la-compra-de-medicinas","status":"publish","type":"post","link":"https:\/\/infozamoraec.com\/index.php\/2025\/09\/13\/noboa-dice-que-declarara-en-emergencia-la-compra-de-medicinas\/","title":{"rendered":"Noboa dice que declarar\u00e1 en emergencia la compra de medicinas"},"content":{"rendered":"<p>El presidente Daniel Noboa est\u00e1 cumpliendo agenda en Cuenca. All\u00ed particip\u00f3 en una entrevista radial para La Suprema donde realiz\u00f3 varias declaraciones, entre ellas que no hay emergencia en el sistema de salud, pero que s\u00ed hay \u00abimportantes casos de corrupci\u00f3n\u00bb, por lo que declarar\u00e1 en emergencia la compra de medicamentos.<\/p>\n<p>\u201cEstamos en una crisis de corrupci\u00f3n m\u00e1s que nada\u00ab, respondi\u00f3 el presidente una vez que se le preguntara sobre qu\u00e9 acciones realiza el Gobierno frente a lo que denomin\u00f3 una crisis hospitalaria.<\/p>\n<p>Noboa afirm\u00f3 que han encontrado bodegas repletas de medicinas mientras a los pacientes se les obliga a comprar los f\u00e1rmacos fuera de los hospitales. Tambi\u00e9n se\u00f1al\u00f3 que han tenido que \u00absacar a malos elementos, incluso vinculados con grupos delictivos organizados. El problema es grave y viene de hace m\u00e1s de 10 a\u00f1os\u00bb, justific\u00f3.<\/p>\n<p>Poco despu\u00e9s, el presidente indic\u00f3 que el tema de salud es cr\u00edtico y, por ello, est\u00e1n tomando medidas cr\u00edticas, volvi\u00f3 a insistir en que \u00abno es el sistema de salud como tal\u00ab.<\/p>\n<p>Seg\u00fan Noboa, el plan de compra de medicamentos contempla una adquisici\u00f3n de entre $ 150 y $ 200 millones en medicinas, a trav\u00e9s de acuerdos de gobierno a gobierno o con grandes instituciones internacionales.<\/p>\n<p>Adem\u00e1s habl\u00f3 de un sistema de inteligencia artificial que se pondr\u00e1 en marcha primero en los hospitales del Instituto Ecuatoriano de Seguridad Social (IESS) y luego se implementar\u00e1 en el sistema de salud p\u00fablica. (I)<\/p>\n","protected":false},"excerpt":{"rendered":"<p>El presidente Daniel Noboa est\u00e1 cumpliendo agenda en Cuenca. All\u00ed particip\u00f3 en una entrevista radial para La Suprema donde realiz\u00f3 varias declaraciones, entre ellas que no hay emergencia en el sistema de salud, pero que s\u00ed hay \u00abimportantes casos de corrupci\u00f3n\u00bb, por lo que declarar\u00e1 en emergencia la compra de medicamentos. \u201cEstamos en una crisis [&hellip;]<\/p>\n","protected":false},"author":1,"featured_media":15561,"comment_status":"open","ping_status":"open","sticky":false,"template":"","format":"standard","meta":{"footnotes":""},"categories":[12],"tags":[],"_links":{"self":[{"href":"https:\/\/infozamoraec.com\/index.php\/wp-json\/wp\/v2\/posts\/15560"}],"collection":[{"href":"https:\/\/infozamoraec.com\/index.php\/wp-json\/wp\/v2\/posts"}],"about":[{"href":"https:\/\/infozamoraec.com\/index.php\/wp-json\/wp\/v2\/types\/post"}],"author":[{"embeddable":true,"href":"https:\/\/infozamoraec.com\/index.php\/wp-json\/wp\/v2\/users\/1"}],"replies":[{"embeddable":true,"href":"https:\/\/infozamoraec.com\/index.php\/wp-json\/wp\/v2\/comments?post=15560"}],"version-history":[{"count":1,"href":"https:\/\/infozamoraec.com\/index.php\/wp-json\/wp\/v2\/posts\/15560\/revisions"}],"predecessor-version":[{"id":15562,"href":"https:\/\/infozamoraec.com\/index.php\/wp-json\/wp\/v2\/posts\/15560\/revisions\/15562"}],"wp:featuredmedia":[{"embeddable":true,"href":"https:\/\/infozamoraec.com\/index.php\/wp-json\/wp\/v2\/media\/15561"}],"wp:attachment":[{"href":"https:\/\/infozamoraec.com\/index.php\/wp-json\/wp\/v2\/media?parent=15560"}],"wp:term":[{"taxonomy":"category","embeddable":true,"href":"https:\/\/infozamoraec.com\/index.php\/wp-json\/wp\/v2\/categories?post=15560"},{"taxonomy":"post_tag","embeddable":true,"href":"https:\/\/infozamoraec.com\/index.php\/wp-json\/wp\/v2\/tags?post=15560"}],"curies":[{"name":"wp","href":"https:\/\/api.w.org\/{rel}","templated":true}]}}