{"id":15533,"date":"2025-09-12T01:44:50","date_gmt":"2025-09-12T01:44:50","guid":{"rendered":"https:\/\/infozamoraec.com\/?p=15533"},"modified":"2025-09-12T01:44:50","modified_gmt":"2025-09-12T01:44:50","slug":"ministro-john-reimberg-arremete-contra-la-corte-constitucional-en-la-marcha-de-la-paz-y-la-justicia-realizada-en-guayaquil","status":"publish","type":"post","link":"https:\/\/infozamoraec.com\/index.php\/2025\/09\/12\/ministro-john-reimberg-arremete-contra-la-corte-constitucional-en-la-marcha-de-la-paz-y-la-justicia-realizada-en-guayaquil\/","title":{"rendered":"Ministro John Reimberg arremete contra la Corte Constitucional en la marcha de la paz y la justicia realizada en Guayaquil"},"content":{"rendered":"<p>El ministro del Interior, John Reimberg, se\u00f1al\u00f3 que esta marcha por la paz y la justicia exige que jueces de la Corte Constitucional dejen de estar en contra no del gobierno, sino de los ecuatorianos.<\/p>\n<p>Jueces, a\u00f1adi\u00f3, que hoy han negado la castraci\u00f3n qu\u00edmica, una pregunta clave para atacar a esos violadores de ni\u00f1os, ni\u00f1as, adolescentes, se\u00f1oras, se\u00f1oras mayores como el caso que sucedi\u00f3 ayer (mi\u00e9rcoles), aquel que descubrimos en la provincia de Ca\u00f1ar.<\/p>\n<p>A ese tipo de cosas, ellos (jueces), prefieren favorecer a los violadores en vez de dar la seguridad que se requiere, agreh\u00f3.<\/p>\n<p>Afirm\u00f3 que la Corte es es \u00fanico grupo de jueces que no quieren pasar por el poder de la gente, de que no se cuestione su trabajo, porque est\u00e1n yendo en contra de los problemas est\u00e1n viendo.<\/p>\n<p>El funcionario quien acudi\u00f3 a la marcha se\u00f1al\u00f3 que esos jueces van en contra de una pregunta soberana sobre el tema de los casinos, casinos regulados, que van a traer ingresos para el Ecuador, de los cuales van a salir el 25% de impuestos para atacar la desnutrici\u00f3n infantil.<\/p>\n<p>Respecto al Consejo de Participaci\u00f3n Ciudadana, explic\u00f3 Reimberg, que se ha debatido por a\u00f1os y el Ecuador lo ha hablado por mucho tiempo y hoy una \u201cCorte sorda, una Corte que no quiere escuchar, una Corte que tiene una agenda definitivamente propia\u201d.<\/p>\n<p>La marcha, dijo el Ministro del Interior, es por la paz. La marcha es para demostrarle a esa Corte y a todos los que est\u00e1n en contra, que \u201caqu\u00ed estamos los ecuatorianos pidiendo lo que merecemos. Que no nos quiten las herramientas al gobierno que necesitamos para combatirlas\u201d.<\/p>\n<p>Indic\u00f3 que se ha dado una firme lucha contra de las estructuras criminales, contra sus estructuras estrat\u00e9gicas. \u201cNo hemos parado de hacerlo, no vamos a parar de hacerlo; y a ellos les afecta este trabajo que estamos haciendo y buscan quitarnos las herramientas de nuestro trabajo. No olvidemos algo, lo que nosotros estamos enviando son preguntas, para que el soberano decida si est\u00e1 o no de acuerdo\u201d, puntualiz\u00f3.<\/p>\n<p>El secretario de Estado indic\u00f3 que los jueces temen que el Ecuador se pronuncie diciendo los cambios que quiere.<\/p>\n<p>Respecto a su mensaje emitido el mi\u00e9rcoles pasado, sobre c\u00e1rcel o el infierno, el ministro Reimberg, explic\u00f3 que es muy claro lo que est\u00e1 pasando. Ecuatorianos caen todos los d\u00edas en manos de los criminales, y a\u00fan en ciertos programas de medios de comunicaci\u00f3n salen a decir el derecho de los derechos, \u00bfhasta cu\u00e1ndo hay periodistas que est\u00e1n a favor de los derechos humanos de los criminales y no de los civiles, de los polic\u00edas y no de los militares que caen todos los d\u00edas en esta lucha contra el crimen?, pregunt\u00f3.<\/p>\n<p>Indic\u00f3 que hoy las preguntas de la consulta que son recogidas de los ecuatorianos, ahora tambi\u00e9n est\u00e1n en contra porque no est\u00e1 dentro de la agenda de lo que ellos quisieran. Ellos quieren que el Ecuador fracase, ellos quieren que el Ecuador no progrese, ellos quieren que el Ecuador no tenga seguridad, afirm\u00f3.<\/p>\n<p>John Reimberg afirm\u00f3 que el gobierno del presidente Daniel Noboa ha sido muy claro, \u201cesto no lo vamos a permitir. Vamos a luchar hasta el final, vamos a estar en las calles como estamos hoy d\u00eda con un proyecto pol\u00edtico como empez\u00f3 de la mano de la gente caminando con ellos en paz, para demostrar que estamos en contra de lo que est\u00e1 sucediendo\u201d.<\/p>\n<p>Reiter\u00f3 que las \u00f3rdenes son muy claras del Presidente Noboa al bloque de seguridad, \u201cvamos a seguir atacando a las mafias, a seguir atacando sus estructuras econ\u00f3micas. Nadie nos va a detener. Por m\u00e1s que lo intenten, nadie nos va a detener\u201d, puntualiz\u00f3.<\/p>\n","protected":false},"excerpt":{"rendered":"<p>El ministro del Interior, John Reimberg, se\u00f1al\u00f3 que esta marcha por la paz y la justicia exige que jueces de la Corte Constitucional dejen de estar en contra no del gobierno, sino de los ecuatorianos. Jueces, a\u00f1adi\u00f3, que hoy han negado la castraci\u00f3n qu\u00edmica, una pregunta clave para atacar a esos violadores de ni\u00f1os, ni\u00f1as, [&hellip;]<\/p>\n","protected":false},"author":1,"featured_media":15534,"comment_status":"open","ping_status":"open","sticky":false,"template":"","format":"standard","meta":{"footnotes":""},"categories":[12],"tags":[],"_links":{"self":[{"href":"https:\/\/infozamoraec.com\/index.php\/wp-json\/wp\/v2\/posts\/15533"}],"collection":[{"href":"https:\/\/infozamoraec.com\/index.php\/wp-json\/wp\/v2\/posts"}],"about":[{"href":"https:\/\/infozamoraec.com\/index.php\/wp-json\/wp\/v2\/types\/post"}],"author":[{"embeddable":true,"href":"https:\/\/infozamoraec.com\/index.php\/wp-json\/wp\/v2\/users\/1"}],"replies":[{"embeddable":true,"href":"https:\/\/infozamoraec.com\/index.php\/wp-json\/wp\/v2\/comments?post=15533"}],"version-history":[{"count":1,"href":"https:\/\/infozamoraec.com\/index.php\/wp-json\/wp\/v2\/posts\/15533\/revisions"}],"predecessor-version":[{"id":15535,"href":"https:\/\/infozamoraec.com\/index.php\/wp-json\/wp\/v2\/posts\/15533\/revisions\/15535"}],"wp:featuredmedia":[{"embeddable":true,"href":"https:\/\/infozamoraec.com\/index.php\/wp-json\/wp\/v2\/media\/15534"}],"wp:attachment":[{"href":"https:\/\/infozamoraec.com\/index.php\/wp-json\/wp\/v2\/media?parent=15533"}],"wp:term":[{"taxonomy":"category","embeddable":true,"href":"https:\/\/infozamoraec.com\/index.php\/wp-json\/wp\/v2\/categories?post=15533"},{"taxonomy":"post_tag","embeddable":true,"href":"https:\/\/infozamoraec.com\/index.php\/wp-json\/wp\/v2\/tags?post=15533"}],"curies":[{"name":"wp","href":"https:\/\/api.w.org\/{rel}","templated":true}]}}