{"id":15527,"date":"2025-09-12T01:19:22","date_gmt":"2025-09-12T01:19:22","guid":{"rendered":"https:\/\/infozamoraec.com\/?p=15527"},"modified":"2025-09-12T01:19:22","modified_gmt":"2025-09-12T01:19:22","slug":"empiezan-marchas-populares-contra-las-medidas-de-noboa","status":"publish","type":"post","link":"https:\/\/infozamoraec.com\/index.php\/2025\/09\/12\/empiezan-marchas-populares-contra-las-medidas-de-noboa\/","title":{"rendered":"Empiezan marchas populares contra las medidas de Noboa"},"content":{"rendered":"<p>En las ciudades de Quito, Guayaquil y Cuenca el Frente Unitario de Trabajdores (FUT), la Uni\u00f3n Nacional de Educadores (UNE) y otros sectores populares se unieron contra las medidas del presidente Daniel Noboa aunque con asistentes notablemente menos a los que convoc\u00f3 el oficialismo en horas de la ma\u00f1ana en Guayaquil. Pues perse a la convocatoria de los sindicatos y otros grupos sociales, no lograron aglutinar m\u00e1s de 150 personas en Quito.<\/p>\n<p>Estas organizaciones se oponen a la consulta popular y referendo que prepara el Gobierno y defienden a la Corte Constitucional en su pulso con el Ejecutivo. Salvador Quishpe, dirigente de la Conaie, dijo que piden a la Corte Constitucional que declare la inconstitucionalidad de las leyes sobre la base de la Constituci\u00f3n y de los tratados internacionales, \u201cm\u00e1s no sobre la base de las presiones del Ejecutivo\u201d.<\/p>\n<p>\u201cHoy hemos sido llamados por la dirigencia de los trabajadores, de los estudiantes y aqu\u00ed estamos. No ten\u00edamos planificado venir masivamente. Pero si esto persiste, la asamblea de la CONAIE resolver\u00e1 y habr\u00e1 que salir masivamente en el momento oportuno\u201d, agreg\u00f3.<\/p>\n<p>Andr\u00e9s Quishpe, presidente de la Uni\u00f3n Nacional de Educadores (UNE), dijo que las organizaciones sociales marcharon este jueves en 23 provincias.<\/p>\n<p>\u201cTanto as\u00ed que en Zamora una marcha multitudinaria fue brutalmente reprimida por la polic\u00eda\u201d, enfatiz\u00f3.<\/p>\n<p>Los primeros manifestantes llegan a la Plaza Santo Domingo, en este lugar lanzan voladores y gritan consignas en contra del gobierno. Aqu\u00ed, los representantes de los gremios agradecen la presencia de los diferentes grupos que acudieron a la marcha. (I)<\/p>\n<p>&nbsp;<\/p>\n","protected":false},"excerpt":{"rendered":"<p>En las ciudades de Quito, Guayaquil y Cuenca el Frente Unitario de Trabajdores (FUT), la Uni\u00f3n Nacional de Educadores (UNE) y otros sectores populares se unieron contra las medidas del presidente Daniel Noboa aunque con asistentes notablemente menos a los que convoc\u00f3 el oficialismo en horas de la ma\u00f1ana en Guayaquil. Pues perse a la [&hellip;]<\/p>\n","protected":false},"author":1,"featured_media":15528,"comment_status":"open","ping_status":"open","sticky":false,"template":"","format":"standard","meta":{"footnotes":""},"categories":[12],"tags":[],"_links":{"self":[{"href":"https:\/\/infozamoraec.com\/index.php\/wp-json\/wp\/v2\/posts\/15527"}],"collection":[{"href":"https:\/\/infozamoraec.com\/index.php\/wp-json\/wp\/v2\/posts"}],"about":[{"href":"https:\/\/infozamoraec.com\/index.php\/wp-json\/wp\/v2\/types\/post"}],"author":[{"embeddable":true,"href":"https:\/\/infozamoraec.com\/index.php\/wp-json\/wp\/v2\/users\/1"}],"replies":[{"embeddable":true,"href":"https:\/\/infozamoraec.com\/index.php\/wp-json\/wp\/v2\/comments?post=15527"}],"version-history":[{"count":1,"href":"https:\/\/infozamoraec.com\/index.php\/wp-json\/wp\/v2\/posts\/15527\/revisions"}],"predecessor-version":[{"id":15529,"href":"https:\/\/infozamoraec.com\/index.php\/wp-json\/wp\/v2\/posts\/15527\/revisions\/15529"}],"wp:featuredmedia":[{"embeddable":true,"href":"https:\/\/infozamoraec.com\/index.php\/wp-json\/wp\/v2\/media\/15528"}],"wp:attachment":[{"href":"https:\/\/infozamoraec.com\/index.php\/wp-json\/wp\/v2\/media?parent=15527"}],"wp:term":[{"taxonomy":"category","embeddable":true,"href":"https:\/\/infozamoraec.com\/index.php\/wp-json\/wp\/v2\/categories?post=15527"},{"taxonomy":"post_tag","embeddable":true,"href":"https:\/\/infozamoraec.com\/index.php\/wp-json\/wp\/v2\/tags?post=15527"}],"curies":[{"name":"wp","href":"https:\/\/api.w.org\/{rel}","templated":true}]}}