{"id":15524,"date":"2025-09-12T01:17:26","date_gmt":"2025-09-12T01:17:26","guid":{"rendered":"https:\/\/infozamoraec.com\/?p=15524"},"modified":"2025-09-12T01:17:26","modified_gmt":"2025-09-12T01:17:26","slug":"noboa-encabeza-marcha-en-guayaquil-y-dice-en-un-discurso-de-dos-minutos-que-la-consulta-sera-la-batalla-final","status":"publish","type":"post","link":"https:\/\/infozamoraec.com\/index.php\/2025\/09\/12\/noboa-encabeza-marcha-en-guayaquil-y-dice-en-un-discurso-de-dos-minutos-que-la-consulta-sera-la-batalla-final\/","title":{"rendered":"Noboa encabeza marcha en Guayaquil y dice, en un discurso de dos minutos, que la consulta ser\u00e1 \u00abla batalla final\u00bb"},"content":{"rendered":"<p>Miles de personas se concentraron en\u00a0<strong>Guayaquil\u00a0<\/strong>este jueves en la\u00a0<strong><a title=\"\" href=\"https:\/\/www.larepublica.ec\/blog\/2025\/09\/10\/el-gobierno-espera-mas-de-58-000-participantes-en-marcha-por-la-seguridad-y-la-paz\/\" target=\"_blank\" rel=\"noopener\">marcha<\/a>\u00a0convocada por el Gobierno<\/strong>\u00a0del presidente\u00a0<strong>Daniel Noboa<\/strong>, quien ha hecho un llamado a\u00a0<strong>votar a favor de las preguntas de la consulta popular<\/strong>, que s<strong>e promueve para fines de este a\u00f1o.<\/strong><\/p>\n<p>Noboa march\u00f3 acompa\u00f1ado de su madre, Anabella Az\u00edn, su mujer, Lavinia Valbonesi, la vicepresidenta de la Rep\u00fablica, Mar\u00eda Jos\u00e9 Pinto, adem\u00e1s de varios ministros de Estado. Todos se concentraron delante del hemiciclo de La Rotonda, en la intersecci\u00f3n del Malec\u00f3n Sim\u00f3n Bol\u00edvar y la avenida 9 de Octubre, en peno centro de Guayaquil.<\/p>\n<p>Los manifestantes -gran parte de ellos con camisetas blancas- empezaron a llegar al amanecer en decenas de autobuses provenientes desde distintas partes del pa\u00eds.<\/p>\n<p>Entre ellas estaba Maritza Caba\u00f1a, quien coment\u00f3 a EFE que sali\u00f3 a la madrugada desde Riobamba, junto a compa\u00f1eros de su trabajo, que viajaron de forma \u00abindependiente\u00bb atendiendo la \u00abinvitaci\u00f3n p\u00fablica\u00bb que hizo Noboa.<\/p>\n<p>Jorge Ayov\u00ed lleg\u00f3 a Guayaquil desde Esmeraldas, porque quiere que \u00aben todas las ciudades haya paz\u00bb. \u00abNecesitamos que nuestros ni\u00f1os crezcan en paz y se desarrollen como tienen que desarrollarse, practicando alg\u00fan deporte que les permita cada d\u00eda ser m\u00e1s libres y felices\u00bb, coment\u00f3<\/p>\n<p>\u00abQuieren estar del lado de los narcotraficantes\u00bb dice Noboa<br \/>\n\u201cEsta es una marcha pac\u00edfica, ciudadana, pero tambi\u00e9n firme. Firme contra los de siempre. Nosotros seguiremos luchando todos los d\u00edas para cambiar el pa\u00eds y ellos luchan para mantener todo igual. La gente vot\u00f3 dos veces por el cambio y a\u00fan as\u00ed quieren mantener todo igual, quieren estar de lado de los narcotraficantes, de los criminales, de la gente que nos ha hecho da\u00f1o\u2026 No podemos permitir eso\u201d, dijo Noboa, subido en una camioneta.<\/p>\n<p>Dijo el pa\u00eds tiene que \u201clevantar la voz\u201d y \u201cexigir que nosotros podamos decidir en las urnas la direcci\u00f3n del pa\u00eds, nosotros los ecuatorianos, eso es el coraz\u00f3n de la democracia. Sin posturas, sin extremismos, si no pura democracia. Dejar decidir a la gente, que existan preguntas importantes, cuestionamientos que la ciudadan\u00eda pueda pronunciarse. Esa ser\u00e1 la batalla final\u201d, agreg\u00f3 sin mencionar en ning\u00fan momento a la Corte Constitucional.<\/p>\n<p>Luego dirigi\u00f3 su discurso a Guayaquil: \u00abMi querida Guayaquil, siempre la ha luchado, siempre ha sido rebelde y siempre ha sido victoriosa ante las mafias y la opresi\u00f3n\u00ab, destac\u00f3.<\/p>\n<p>El discurso de Noboa dur\u00f3 dos minutos. Se trata de la segunda marcha convocada por el Gobierno, tras una similar en Quito, la capital, el pasado 12 de agosto. La marcha de hoy recorri\u00f3 ocho cuadras del malec\u00f3n.<\/p>\n<p>Desde temprano, el lugar permaneci\u00f3 militarizado, con helic\u00f3pteros sobrevolando la avenida 9 de Octubre y cierres viales dispuestos por la Agencia de Tr\u00e1nsito y Movilidad (ATM). La ministra de Gobierno, Zaida Rovira, destac\u00f3 que se esperaban m\u00e1s de 58.000 asistentes y descart\u00f3 el uso de fondos p\u00fablicos en la organizaci\u00f3n.<\/p>\n<p>Entre las propuestas de enmienda rechazadas por la Corte Constitucional est\u00e1 el uso de la castraci\u00f3n qu\u00edmica como castigo para violadores y permitir el juicio pol\u00edtico a jueces del organismo. Miembros del Gobierno del presidente Daniel Noboa se han referido a la Corte como \u00abenemiga del pueblo\u00bb por oponerse a sus reformas. (I)<\/p>\n","protected":false},"excerpt":{"rendered":"<p>Miles de personas se concentraron en\u00a0Guayaquil\u00a0este jueves en la\u00a0marcha\u00a0convocada por el Gobierno\u00a0del presidente\u00a0Daniel Noboa, quien ha hecho un llamado a\u00a0votar a favor de las preguntas de la consulta popular, que se promueve para fines de este a\u00f1o. Noboa march\u00f3 acompa\u00f1ado de su madre, Anabella Az\u00edn, su mujer, Lavinia Valbonesi, la vicepresidenta de la Rep\u00fablica, Mar\u00eda [&hellip;]<\/p>\n","protected":false},"author":1,"featured_media":15525,"comment_status":"open","ping_status":"open","sticky":false,"template":"","format":"standard","meta":{"footnotes":""},"categories":[12],"tags":[],"_links":{"self":[{"href":"https:\/\/infozamoraec.com\/index.php\/wp-json\/wp\/v2\/posts\/15524"}],"collection":[{"href":"https:\/\/infozamoraec.com\/index.php\/wp-json\/wp\/v2\/posts"}],"about":[{"href":"https:\/\/infozamoraec.com\/index.php\/wp-json\/wp\/v2\/types\/post"}],"author":[{"embeddable":true,"href":"https:\/\/infozamoraec.com\/index.php\/wp-json\/wp\/v2\/users\/1"}],"replies":[{"embeddable":true,"href":"https:\/\/infozamoraec.com\/index.php\/wp-json\/wp\/v2\/comments?post=15524"}],"version-history":[{"count":1,"href":"https:\/\/infozamoraec.com\/index.php\/wp-json\/wp\/v2\/posts\/15524\/revisions"}],"predecessor-version":[{"id":15526,"href":"https:\/\/infozamoraec.com\/index.php\/wp-json\/wp\/v2\/posts\/15524\/revisions\/15526"}],"wp:featuredmedia":[{"embeddable":true,"href":"https:\/\/infozamoraec.com\/index.php\/wp-json\/wp\/v2\/media\/15525"}],"wp:attachment":[{"href":"https:\/\/infozamoraec.com\/index.php\/wp-json\/wp\/v2\/media?parent=15524"}],"wp:term":[{"taxonomy":"category","embeddable":true,"href":"https:\/\/infozamoraec.com\/index.php\/wp-json\/wp\/v2\/categories?post=15524"},{"taxonomy":"post_tag","embeddable":true,"href":"https:\/\/infozamoraec.com\/index.php\/wp-json\/wp\/v2\/tags?post=15524"}],"curies":[{"name":"wp","href":"https:\/\/api.w.org\/{rel}","templated":true}]}}