{"id":15491,"date":"2025-09-11T02:33:15","date_gmt":"2025-09-11T02:33:15","guid":{"rendered":"https:\/\/infozamoraec.com\/?p=15491"},"modified":"2025-09-11T02:33:15","modified_gmt":"2025-09-11T02:33:15","slug":"conaie-dice-que-apoyara-el-no-en-la-consulta-de-noboa","status":"publish","type":"post","link":"https:\/\/infozamoraec.com\/index.php\/2025\/09\/11\/conaie-dice-que-apoyara-el-no-en-la-consulta-de-noboa\/","title":{"rendered":"Conaie dice que apoyar\u00e1 el \u00abNo\u00bb en la consulta de Noboa"},"content":{"rendered":"<p>Este jueves 11 de septiembre, diversas organizaciones sociales y gremios de trabajadores marchar\u00e1n en todo el pa\u00eds en rechazo a las pol\u00edticas del Gobierno. La Conaie confirm\u00f3 que se unir\u00e1 a la jornada de protesta y adelant\u00f3 que impulsar\u00e1 el NO en la consulta popular propuesta por el presidente Daniel Noboa. As\u00ed lo confirm\u00f3 su presidente Marlon Vargas.<\/p>\n<p>Desde su sede en Quito, el Consejo Ampliado de la Conaie cuestion\u00f3 el contenido de las preguntas enviadas por el Ejecutivo a la Corte Constitucional, calific\u00e1ndolas de \u00ababsurdas\u00bb y \u00abperjudiciales\u00bb para el pa\u00eds.<\/p>\n<p>Vargas, presidente de la Conaie, exigi\u00f3 respeto a la Constituci\u00f3n y a la autonom\u00eda de la Corte Constitucional, y asegur\u00f3 que muchas de las propuestas de la consulta podr\u00edan ser tramitadas desde la Asamblea, donde el Gobierno tiene mayor\u00eda.<\/p>\n<p>\u201cVamos a impulsar el NO\u201d, sentenci\u00f3 Vargas, dejando clara la posici\u00f3n del movimiento ind\u00edgena frente al referendo.<\/p>\n<p>powered by<br \/>\nLa movilizaci\u00f3n del 11 de septiembre coincide con una marcha oficialista convocada por el Gobierno en Guayaquil. (I)<\/p>\n<p>&nbsp;<\/p>\n","protected":false},"excerpt":{"rendered":"<p>Este jueves 11 de septiembre, diversas organizaciones sociales y gremios de trabajadores marchar\u00e1n en todo el pa\u00eds en rechazo a las pol\u00edticas del Gobierno. La Conaie confirm\u00f3 que se unir\u00e1 a la jornada de protesta y adelant\u00f3 que impulsar\u00e1 el NO en la consulta popular propuesta por el presidente Daniel Noboa. As\u00ed lo confirm\u00f3 su [&hellip;]<\/p>\n","protected":false},"author":1,"featured_media":15492,"comment_status":"open","ping_status":"open","sticky":false,"template":"","format":"standard","meta":{"footnotes":""},"categories":[12],"tags":[],"_links":{"self":[{"href":"https:\/\/infozamoraec.com\/index.php\/wp-json\/wp\/v2\/posts\/15491"}],"collection":[{"href":"https:\/\/infozamoraec.com\/index.php\/wp-json\/wp\/v2\/posts"}],"about":[{"href":"https:\/\/infozamoraec.com\/index.php\/wp-json\/wp\/v2\/types\/post"}],"author":[{"embeddable":true,"href":"https:\/\/infozamoraec.com\/index.php\/wp-json\/wp\/v2\/users\/1"}],"replies":[{"embeddable":true,"href":"https:\/\/infozamoraec.com\/index.php\/wp-json\/wp\/v2\/comments?post=15491"}],"version-history":[{"count":1,"href":"https:\/\/infozamoraec.com\/index.php\/wp-json\/wp\/v2\/posts\/15491\/revisions"}],"predecessor-version":[{"id":15493,"href":"https:\/\/infozamoraec.com\/index.php\/wp-json\/wp\/v2\/posts\/15491\/revisions\/15493"}],"wp:featuredmedia":[{"embeddable":true,"href":"https:\/\/infozamoraec.com\/index.php\/wp-json\/wp\/v2\/media\/15492"}],"wp:attachment":[{"href":"https:\/\/infozamoraec.com\/index.php\/wp-json\/wp\/v2\/media?parent=15491"}],"wp:term":[{"taxonomy":"category","embeddable":true,"href":"https:\/\/infozamoraec.com\/index.php\/wp-json\/wp\/v2\/categories?post=15491"},{"taxonomy":"post_tag","embeddable":true,"href":"https:\/\/infozamoraec.com\/index.php\/wp-json\/wp\/v2\/tags?post=15491"}],"curies":[{"name":"wp","href":"https:\/\/api.w.org\/{rel}","templated":true}]}}