{"id":15482,"date":"2025-09-11T02:24:07","date_gmt":"2025-09-11T02:24:07","guid":{"rendered":"https:\/\/infozamoraec.com\/?p=15482"},"modified":"2025-09-11T02:24:07","modified_gmt":"2025-09-11T02:24:07","slug":"el-municipio-de-guayaquil-retomara-la-construccion-de-paso-elevado-en-los-ceibos","status":"publish","type":"post","link":"https:\/\/infozamoraec.com\/index.php\/2025\/09\/11\/el-municipio-de-guayaquil-retomara-la-construccion-de-paso-elevado-en-los-ceibos\/","title":{"rendered":"El Municipio de Guayaquil retomar\u00e1 la construcci\u00f3n de paso elevado en Los Ceibos"},"content":{"rendered":"<p>Tras una larga disputa p\u00fablica entre autoridades del Municipio de Guayaquil y la Prefectura del Guayas, el paso elevado en la avenida del Bombero (Los Ceibos) podr\u00e1 ser construido.<\/p>\n<p>Este mi\u00e9rcoles, la Prefectura levant\u00f3 la orden que imped\u00eda la ejecuci\u00f3n de la obra, derivada de quejas del Ministerio de Ambiente (MAATE), que aseguraba que la obra no contaba con el permiso adecuado para su desarrollo. Marcela Agui\u00f1aga, prefecta del Guayas, asegura que el MAATE no respondi\u00f3 a los pedidos de aclaraci\u00f3n acerca del supuesto impacto ambiental de la obra, nulificando as\u00ed su suspensi\u00f3n.<\/p>\n<p>\u201cHoy se ratifica el registro ambiental y se dispone que el proyecto contin\u00fae, porque no hubo fundamentos t\u00e9cnicos que justifiquen la suspensi\u00f3n\u201d, dijo Agui\u00f1aga.<\/p>\n<p>Las obras fueron paralizadas a principios de julio, causando gran congesti\u00f3n vehicular en la avenida del Bombero. La suspensi\u00f3n tambi\u00e9n llev\u00f3 a un acalorado intercambio p\u00fablico entre Agui\u00f1aga y el alcalde de Guayaquil, Aquiles \u00c1lvarez, ambos pertenecientes al movimiento pol\u00edtico Revoluci\u00f3n Ciudadana, la m\u00e1s grande fuerza opositora del pa\u00eds. \u00abUsted sabe que esto pol\u00edtico y no t\u00e9cnico. La ley protege a quien act\u00faa con base en la verdad. Guayaquil no puede pagar el precio a una obediencia que puede ser incluso ciega. No podemos ceder ante este tipo de presiones\u00ab, dijo el alcalde corre\u00edsta el pasado julio. (I)<\/p>\n","protected":false},"excerpt":{"rendered":"<p>Tras una larga disputa p\u00fablica entre autoridades del Municipio de Guayaquil y la Prefectura del Guayas, el paso elevado en la avenida del Bombero (Los Ceibos) podr\u00e1 ser construido. Este mi\u00e9rcoles, la Prefectura levant\u00f3 la orden que imped\u00eda la ejecuci\u00f3n de la obra, derivada de quejas del Ministerio de Ambiente (MAATE), que aseguraba que la [&hellip;]<\/p>\n","protected":false},"author":1,"featured_media":15483,"comment_status":"open","ping_status":"open","sticky":false,"template":"","format":"standard","meta":{"footnotes":""},"categories":[12],"tags":[],"_links":{"self":[{"href":"https:\/\/infozamoraec.com\/index.php\/wp-json\/wp\/v2\/posts\/15482"}],"collection":[{"href":"https:\/\/infozamoraec.com\/index.php\/wp-json\/wp\/v2\/posts"}],"about":[{"href":"https:\/\/infozamoraec.com\/index.php\/wp-json\/wp\/v2\/types\/post"}],"author":[{"embeddable":true,"href":"https:\/\/infozamoraec.com\/index.php\/wp-json\/wp\/v2\/users\/1"}],"replies":[{"embeddable":true,"href":"https:\/\/infozamoraec.com\/index.php\/wp-json\/wp\/v2\/comments?post=15482"}],"version-history":[{"count":1,"href":"https:\/\/infozamoraec.com\/index.php\/wp-json\/wp\/v2\/posts\/15482\/revisions"}],"predecessor-version":[{"id":15484,"href":"https:\/\/infozamoraec.com\/index.php\/wp-json\/wp\/v2\/posts\/15482\/revisions\/15484"}],"wp:featuredmedia":[{"embeddable":true,"href":"https:\/\/infozamoraec.com\/index.php\/wp-json\/wp\/v2\/media\/15483"}],"wp:attachment":[{"href":"https:\/\/infozamoraec.com\/index.php\/wp-json\/wp\/v2\/media?parent=15482"}],"wp:term":[{"taxonomy":"category","embeddable":true,"href":"https:\/\/infozamoraec.com\/index.php\/wp-json\/wp\/v2\/categories?post=15482"},{"taxonomy":"post_tag","embeddable":true,"href":"https:\/\/infozamoraec.com\/index.php\/wp-json\/wp\/v2\/tags?post=15482"}],"curies":[{"name":"wp","href":"https:\/\/api.w.org\/{rel}","templated":true}]}}