{"id":15436,"date":"2025-09-10T01:50:18","date_gmt":"2025-09-10T01:50:18","guid":{"rendered":"https:\/\/infozamoraec.com\/?p=15436"},"modified":"2025-09-10T01:50:18","modified_gmt":"2025-09-10T01:50:18","slug":"serrano-colaboro-con-ee-uu-con-informacion-desde-2019-dice-su-abogado","status":"publish","type":"post","link":"https:\/\/infozamoraec.com\/index.php\/2025\/09\/10\/serrano-colaboro-con-ee-uu-con-informacion-desde-2019-dice-su-abogado\/","title":{"rendered":"Serrano colabor\u00f3 con EE.UU. con informaci\u00f3n desde 2019 dice su abogado"},"content":{"rendered":"<p>El exministro del Inerior de Rafael Correa, Jos\u00e9 Serrano est\u00e1 a dos d\u00edas de su audicencia en Estados Unidos, que se dar\u00e1 este 11 de septiembre en la que se resolver\u00e1 la petici\u00f3n de asilo de Serrano, quien es se\u00f1alado en Ecuador como autor intelectual del asesinato de Fernando Villavicencio.<\/p>\n<p>Es as\u00ed que, Robert Sheldon, abogado de Serrano, indic\u00f3 que tiene la declaraci\u00f3n juramentada rendida el pasado 14 de agosto por Richard D\u00edaz, quien anteriormente asisti\u00f3 a Serrano y hoy es abogado de Xavier Jord\u00e1n, pr\u00f3fugo por el caso Met\u00e1stasis y tambi\u00e9n procesado en el caso Villavicencio.<\/p>\n<p>All\u00ed, seg\u00fan el cruce de informaci\u00f3n entre ambos abogados, Serrano colabora con Estados Unidos, no desde que se mud\u00f3 a ese pa\u00eds, sino mucho antes, cuando a\u00fan era asamble\u00edsta.<\/p>\n<p>La declaraci\u00f3n reza:<\/p>\n<p>\u00abEn 2019, Jos\u00e9 Serrano ingres\u00f3 a Estados Unidos con una visa de turismo. Se reuni\u00f3 voluntariamente con agencias federales del sur de Florida y con la Fiscal\u00eda para discutir asuntos de inter\u00e9s para el gobierno de los Estados Unidos con respecto a Ecuador, incluyendo a un objetivo estadounidense llamado Carlos P\u00f3lit, un ecuatoriano involucrado en la investigaci\u00f3n internacional de Odebrecht\u00ab.<\/p>\n<p>Sin embargo, Serrano, estuvo tambi\u00e9n en contacto con funcionarios estadounidenses en 2021: \u00abTres d\u00edas despu\u00e9s de que expirara su cargo de legislador, el Sr. Serrano viaj\u00f3 a reunirse con funcionarios estadounidenses y hablar sobre hechos de corrupci\u00f3n en Ecuador. Desde su primera conversaci\u00f3n, el se\u00f1or Serrano fue un testigo voluntario, sin coacci\u00f3n, sin cargos criminales, citaci\u00f3n judicial ni inmunidad de ning\u00fan tipo. Tampoco ha sido un informante pagado. Fue y sigue siendo un testigo altamente confiable y valioso para el inter\u00e9s nacional de Estados Unidos\u00ab, prosigue el documento.<\/p>\n<p>Luego, Serrano, seg\u00fan su primer abogado tambi\u00e9n menciona a Ronny Aleaga y su relaci\u00f3n con varios casos. Aleaga tambi\u00e9n es se\u00f1alado como autor intelctual del asesinato de Fernando Villavicencio y de funcionarios del Estado involucrados con la Mafia Albanesa.<\/p>\n<p>\u00abFuncionarios del gobierno de Estados Unidos han expresado su inter\u00e9s en entrevistar a Aleaga y yo estoy manejando personalmente la log\u00edstica para ello. Serrano proporcion\u00f3 informaci\u00f3n valiosa sobre el control, el impacto y los contactos de la Mafia Albanesa con funcionarios ecuatorianos corruptos, especialmente para el tr\u00e1fico de drogas a gran escala\u00bb.<\/p>\n<p>Sin embargo, Sheldon, dice que ahora se siente frustrado y Serrano est\u00e1 triste porque \u00abconfi\u00f3 en la justicia americana y ahora estan por enviarlo de vuelta a Ecuador\u00bb, sostiene el abogado. (I)<\/p>\n","protected":false},"excerpt":{"rendered":"<p>El exministro del Inerior de Rafael Correa, Jos\u00e9 Serrano est\u00e1 a dos d\u00edas de su audicencia en Estados Unidos, que se dar\u00e1 este 11 de septiembre en la que se resolver\u00e1 la petici\u00f3n de asilo de Serrano, quien es se\u00f1alado en Ecuador como autor intelectual del asesinato de Fernando Villavicencio. Es as\u00ed que, Robert Sheldon, [&hellip;]<\/p>\n","protected":false},"author":1,"featured_media":15439,"comment_status":"open","ping_status":"open","sticky":false,"template":"","format":"standard","meta":{"footnotes":""},"categories":[12],"tags":[],"_links":{"self":[{"href":"https:\/\/infozamoraec.com\/index.php\/wp-json\/wp\/v2\/posts\/15436"}],"collection":[{"href":"https:\/\/infozamoraec.com\/index.php\/wp-json\/wp\/v2\/posts"}],"about":[{"href":"https:\/\/infozamoraec.com\/index.php\/wp-json\/wp\/v2\/types\/post"}],"author":[{"embeddable":true,"href":"https:\/\/infozamoraec.com\/index.php\/wp-json\/wp\/v2\/users\/1"}],"replies":[{"embeddable":true,"href":"https:\/\/infozamoraec.com\/index.php\/wp-json\/wp\/v2\/comments?post=15436"}],"version-history":[{"count":1,"href":"https:\/\/infozamoraec.com\/index.php\/wp-json\/wp\/v2\/posts\/15436\/revisions"}],"predecessor-version":[{"id":15440,"href":"https:\/\/infozamoraec.com\/index.php\/wp-json\/wp\/v2\/posts\/15436\/revisions\/15440"}],"wp:featuredmedia":[{"embeddable":true,"href":"https:\/\/infozamoraec.com\/index.php\/wp-json\/wp\/v2\/media\/15439"}],"wp:attachment":[{"href":"https:\/\/infozamoraec.com\/index.php\/wp-json\/wp\/v2\/media?parent=15436"}],"wp:term":[{"taxonomy":"category","embeddable":true,"href":"https:\/\/infozamoraec.com\/index.php\/wp-json\/wp\/v2\/categories?post=15436"},{"taxonomy":"post_tag","embeddable":true,"href":"https:\/\/infozamoraec.com\/index.php\/wp-json\/wp\/v2\/tags?post=15436"}],"curies":[{"name":"wp","href":"https:\/\/api.w.org\/{rel}","templated":true}]}}