{"id":15435,"date":"2025-09-10T01:48:24","date_gmt":"2025-09-10T01:48:24","guid":{"rendered":"https:\/\/infozamoraec.com\/?p=15435"},"modified":"2025-09-10T01:48:24","modified_gmt":"2025-09-10T01:48:24","slug":"maria-jose-pinto-se-reunio-con-lula-en-brasil-por-acuerdo-sobre-la-amazonia","status":"publish","type":"post","link":"https:\/\/infozamoraec.com\/index.php\/2025\/09\/10\/maria-jose-pinto-se-reunio-con-lula-en-brasil-por-acuerdo-sobre-la-amazonia\/","title":{"rendered":"Mar\u00eda Jos\u00e9 Pinto se reuni\u00f3 con Lula en Brasil por acuerdo sobre la Amazon\u00eda"},"content":{"rendered":"<p>La asistencia de Mar\u00eda Jos\u00e9 Pinto a Brasil, ocurri\u00f3 durante un evento que fue invitada por delegaci\u00f3n del presidente Daniel Noboa y atendiendo la invitaci\u00f3n de Luiz In\u00e1cio Lula da Silva.<\/p>\n<p>En dicho evento, la vicepresidenta Pinto salud\u00f3 con los mandatarios Gustavo Petro, de Colombia, y Lula da Silva, de Brasil. Las autoridades abordaron la importancia de fortalecer la cooperaci\u00f3n y coordinaci\u00f3n en la lucha contra el crimen organizado transnacional, al tiempo de promover la preservaci\u00f3n de la selva amaz\u00f3nica.<\/p>\n<p>Seg\u00fan inform\u00f3 la Vicepresidencia, el objetivo del evento fue fortalecer la cooperaci\u00f3n y coordinaci\u00f3n en la lucha contra el crimen organizado transnacional y promover la preservaci\u00f3n de la selva amaz\u00f3nica.<\/p>\n<p>El Centro de Cooperaci\u00f3n Policial Internacional de la Amazon\u00eda (CCPI) integrar\u00e1 tecnolog\u00eda de punta, especialistas en inteligencia y log\u00edstica, y un sistema \u00e1gil de intercambio de informaci\u00f3n entre pa\u00edses. Ecuador contar\u00e1 con un oficial de enlace, que actuar\u00e1 como puente operativo para el cumplimiento de los objetivos.<\/p>\n<p>Estar\u00e1 coordinado por la Polic\u00eda Federal de Brasil y financiado con recursos del Fondo Amazon\u00eda.<\/p>\n<p>\u00abCuidar la Amazon\u00eda no es solo proteger \u00e1rboles o r\u00edos. Es tambi\u00e9n cuidar a las personas que la habitan, especialmente a nuestros ni\u00f1os. Que este sea el inicio de una cooperaci\u00f3n m\u00e1s cercana, m\u00e1s humana y m\u00e1s solidaria entre nuestros pa\u00edses\u00bb, dijo Pinto durante el evento. (I)<\/p>\n","protected":false},"excerpt":{"rendered":"<p>La asistencia de Mar\u00eda Jos\u00e9 Pinto a Brasil, ocurri\u00f3 durante un evento que fue invitada por delegaci\u00f3n del presidente Daniel Noboa y atendiendo la invitaci\u00f3n de Luiz In\u00e1cio Lula da Silva. En dicho evento, la vicepresidenta Pinto salud\u00f3 con los mandatarios Gustavo Petro, de Colombia, y Lula da Silva, de Brasil. Las autoridades abordaron la [&hellip;]<\/p>\n","protected":false},"author":1,"featured_media":15437,"comment_status":"open","ping_status":"open","sticky":false,"template":"","format":"standard","meta":{"footnotes":""},"categories":[12],"tags":[],"_links":{"self":[{"href":"https:\/\/infozamoraec.com\/index.php\/wp-json\/wp\/v2\/posts\/15435"}],"collection":[{"href":"https:\/\/infozamoraec.com\/index.php\/wp-json\/wp\/v2\/posts"}],"about":[{"href":"https:\/\/infozamoraec.com\/index.php\/wp-json\/wp\/v2\/types\/post"}],"author":[{"embeddable":true,"href":"https:\/\/infozamoraec.com\/index.php\/wp-json\/wp\/v2\/users\/1"}],"replies":[{"embeddable":true,"href":"https:\/\/infozamoraec.com\/index.php\/wp-json\/wp\/v2\/comments?post=15435"}],"version-history":[{"count":1,"href":"https:\/\/infozamoraec.com\/index.php\/wp-json\/wp\/v2\/posts\/15435\/revisions"}],"predecessor-version":[{"id":15438,"href":"https:\/\/infozamoraec.com\/index.php\/wp-json\/wp\/v2\/posts\/15435\/revisions\/15438"}],"wp:featuredmedia":[{"embeddable":true,"href":"https:\/\/infozamoraec.com\/index.php\/wp-json\/wp\/v2\/media\/15437"}],"wp:attachment":[{"href":"https:\/\/infozamoraec.com\/index.php\/wp-json\/wp\/v2\/media?parent=15435"}],"wp:term":[{"taxonomy":"category","embeddable":true,"href":"https:\/\/infozamoraec.com\/index.php\/wp-json\/wp\/v2\/categories?post=15435"},{"taxonomy":"post_tag","embeddable":true,"href":"https:\/\/infozamoraec.com\/index.php\/wp-json\/wp\/v2\/tags?post=15435"}],"curies":[{"name":"wp","href":"https:\/\/api.w.org\/{rel}","templated":true}]}}