{"id":15350,"date":"2025-09-06T01:46:41","date_gmt":"2025-09-06T01:46:41","guid":{"rendered":"https:\/\/infozamoraec.com\/?p=15350"},"modified":"2025-09-06T01:46:41","modified_gmt":"2025-09-06T01:46:41","slug":"proyecto-de-reactivacion-economica-2025-beneficia-a-mas-de-220-personas-en-zamora","status":"publish","type":"post","link":"https:\/\/infozamoraec.com\/index.php\/2025\/09\/06\/proyecto-de-reactivacion-economica-2025-beneficia-a-mas-de-220-personas-en-zamora\/","title":{"rendered":"Proyecto de Reactivaci\u00f3n Econ\u00f3mica 2025 beneficia a m\u00e1s de 220 personas en Zamora"},"content":{"rendered":"<p data-start=\"149\" data-end=\"433\">El denominado Proyecto de Reactivaci\u00f3n Econ\u00f3mica 2025, impulsado por la Direcci\u00f3n de Gesti\u00f3n Social del Gobierno Aut\u00f3nomo Descentralizado Municipal de Zamora (GADMZ), avanza en el fortalecimiento de las capacidades productivas y emprendedoras de la comunidad.<\/p>\n<p data-start=\"435\" data-end=\"701\">Entre el 11 de julio y el 29 de agosto de 2025, se desarrollaron talleres formativos en distintas parroquias y barrios del cant\u00f3n y la provincia, orientados a fomentar el emprendimiento, el desarrollo de habilidades t\u00e9cnicas y la reactivaci\u00f3n de la econom\u00eda local.<\/p>\n<p data-start=\"703\" data-end=\"1016\">Las capacitaciones incluyeron temas como elaboraci\u00f3n de vino artesanal, yogurt y productos ahumados, as\u00ed como educaci\u00f3n financiera, atenci\u00f3n al cliente y deberes tributarios. Estas acciones buscan brindar conocimientos pr\u00e1cticos que contribuyan a mejorar la econom\u00eda familiar y fortalecer el tejido comunitario.<\/p>\n<p data-start=\"1018\" data-end=\"1240\">El proyecto ha beneficiado de manera directa a m\u00e1s de 220 personas y ha despertado el inter\u00e9s de otros cantones de la provincia, convirti\u00e9ndose en un referente regional en procesos de capacitaci\u00f3n y desarrollo econ\u00f3mico.<\/p>\n","protected":false},"excerpt":{"rendered":"<p>El denominado Proyecto de Reactivaci\u00f3n Econ\u00f3mica 2025, impulsado por la Direcci\u00f3n de Gesti\u00f3n Social del Gobierno Aut\u00f3nomo Descentralizado Municipal de Zamora (GADMZ), avanza en el fortalecimiento de las capacidades productivas y emprendedoras de la comunidad. Entre el 11 de julio y el 29 de agosto de 2025, se desarrollaron talleres formativos en distintas parroquias y [&hellip;]<\/p>\n","protected":false},"author":1,"featured_media":15351,"comment_status":"open","ping_status":"open","sticky":false,"template":"","format":"standard","meta":{"footnotes":""},"categories":[9],"tags":[],"_links":{"self":[{"href":"https:\/\/infozamoraec.com\/index.php\/wp-json\/wp\/v2\/posts\/15350"}],"collection":[{"href":"https:\/\/infozamoraec.com\/index.php\/wp-json\/wp\/v2\/posts"}],"about":[{"href":"https:\/\/infozamoraec.com\/index.php\/wp-json\/wp\/v2\/types\/post"}],"author":[{"embeddable":true,"href":"https:\/\/infozamoraec.com\/index.php\/wp-json\/wp\/v2\/users\/1"}],"replies":[{"embeddable":true,"href":"https:\/\/infozamoraec.com\/index.php\/wp-json\/wp\/v2\/comments?post=15350"}],"version-history":[{"count":2,"href":"https:\/\/infozamoraec.com\/index.php\/wp-json\/wp\/v2\/posts\/15350\/revisions"}],"predecessor-version":[{"id":15353,"href":"https:\/\/infozamoraec.com\/index.php\/wp-json\/wp\/v2\/posts\/15350\/revisions\/15353"}],"wp:featuredmedia":[{"embeddable":true,"href":"https:\/\/infozamoraec.com\/index.php\/wp-json\/wp\/v2\/media\/15351"}],"wp:attachment":[{"href":"https:\/\/infozamoraec.com\/index.php\/wp-json\/wp\/v2\/media?parent=15350"}],"wp:term":[{"taxonomy":"category","embeddable":true,"href":"https:\/\/infozamoraec.com\/index.php\/wp-json\/wp\/v2\/categories?post=15350"},{"taxonomy":"post_tag","embeddable":true,"href":"https:\/\/infozamoraec.com\/index.php\/wp-json\/wp\/v2\/tags?post=15350"}],"curies":[{"name":"wp","href":"https:\/\/api.w.org\/{rel}","templated":true}]}}