{"id":15338,"date":"2025-09-06T01:16:15","date_gmt":"2025-09-06T01:16:15","guid":{"rendered":"https:\/\/infozamoraec.com\/?p=15338"},"modified":"2025-09-06T01:16:15","modified_gmt":"2025-09-06T01:16:15","slug":"docentes-de-yantzaza-y-el-pangui-reciben-kits-tecnologicos","status":"publish","type":"post","link":"https:\/\/infozamoraec.com\/index.php\/2025\/09\/06\/docentes-de-yantzaza-y-el-pangui-reciben-kits-tecnologicos\/","title":{"rendered":"Docentes de Yantzaza y El Pangui reciben kits tecnol\u00f3gicos"},"content":{"rendered":"<p>Trece kits tecnol\u00f3gicos recibieron los docentes de los cantones Yantzaza y El Pangui, en la provincia de Zamora Chinchipe, como parte del programa de Reducci\u00f3n de la Brecha Digital que lleva adelante el Ministerio de Educaci\u00f3n, Deporte y Cultura.<\/p>\n<p>\u201cSabemos que la tecnolog\u00eda no es un lujo, sino una necesidad en el mundo actual. Por ello, estos kits representan una oportunidad para que nuestros docentes puedan planificar, ense\u00f1ar y evaluar con mayor eficiencia, incluso en zonas rurales donde el acceso ha sido hist\u00f3ricamente limitado. Estamos convencidos de que invertir en tecnolog\u00eda educativa es invertir en el futuro de nuestros ni\u00f1os y j\u00f3venes\u201d, asegur\u00f3 el coordinador zonal de Educaci\u00f3n, Favio Villamizar S\u00e1nchez.<\/p>\n<p>La inversi\u00f3n realizada es de 14.500 d\u00f3lares. Leiva Torres, docente beneficiada, dijo que el equipo recibido sin duda ayudar\u00e1 a mejorar las actividades acad\u00e9micas. \u201cGracias por tomar en cuenta a las escuelas del sector rural\u201d.<\/p>\n<p>El programa cuenta con el financiamiento de la Corporaci\u00f3n Andina de Fomento (CAF), y tiene como prop\u00f3sito de reducir la brecha digital en sus tres dimensiones: acceso, uso y apropiaci\u00f3n de la tecnolog\u00eda en el \u00e1mbito educativo.<\/p>\n<p>En la provincia de Zamora Chinchipe hasta el momento se han entregado 59 kits con una inversi\u00f3n de 66.800 d\u00f3lares. Aida Chupi, representante de los padres de familia, manifest\u00f3 que las comunidades alejadas necesitan incorporarse al mundo digital por medios de los equipos adecuados.<\/p>\n<p>El Ministerio de Educaci\u00f3n reafirma su compromiso con el fortalecimiento de la educaci\u00f3n, impulsando la equidad en el acceso a herramientas digitales para toda la comunidad educativa.<\/p>\n","protected":false},"excerpt":{"rendered":"<p>Trece kits tecnol\u00f3gicos recibieron los docentes de los cantones Yantzaza y El Pangui, en la provincia de Zamora Chinchipe, como parte del programa de Reducci\u00f3n de la Brecha Digital que lleva adelante el Ministerio de Educaci\u00f3n, Deporte y Cultura. \u201cSabemos que la tecnolog\u00eda no es un lujo, sino una necesidad en el mundo actual. Por [&hellip;]<\/p>\n","protected":false},"author":1,"featured_media":15339,"comment_status":"open","ping_status":"open","sticky":false,"template":"","format":"standard","meta":{"footnotes":""},"categories":[9],"tags":[],"_links":{"self":[{"href":"https:\/\/infozamoraec.com\/index.php\/wp-json\/wp\/v2\/posts\/15338"}],"collection":[{"href":"https:\/\/infozamoraec.com\/index.php\/wp-json\/wp\/v2\/posts"}],"about":[{"href":"https:\/\/infozamoraec.com\/index.php\/wp-json\/wp\/v2\/types\/post"}],"author":[{"embeddable":true,"href":"https:\/\/infozamoraec.com\/index.php\/wp-json\/wp\/v2\/users\/1"}],"replies":[{"embeddable":true,"href":"https:\/\/infozamoraec.com\/index.php\/wp-json\/wp\/v2\/comments?post=15338"}],"version-history":[{"count":1,"href":"https:\/\/infozamoraec.com\/index.php\/wp-json\/wp\/v2\/posts\/15338\/revisions"}],"predecessor-version":[{"id":15340,"href":"https:\/\/infozamoraec.com\/index.php\/wp-json\/wp\/v2\/posts\/15338\/revisions\/15340"}],"wp:featuredmedia":[{"embeddable":true,"href":"https:\/\/infozamoraec.com\/index.php\/wp-json\/wp\/v2\/media\/15339"}],"wp:attachment":[{"href":"https:\/\/infozamoraec.com\/index.php\/wp-json\/wp\/v2\/media?parent=15338"}],"wp:term":[{"taxonomy":"category","embeddable":true,"href":"https:\/\/infozamoraec.com\/index.php\/wp-json\/wp\/v2\/categories?post=15338"},{"taxonomy":"post_tag","embeddable":true,"href":"https:\/\/infozamoraec.com\/index.php\/wp-json\/wp\/v2\/tags?post=15338"}],"curies":[{"name":"wp","href":"https:\/\/api.w.org\/{rel}","templated":true}]}}