{"id":15310,"date":"2025-09-05T01:05:14","date_gmt":"2025-09-05T01:05:14","guid":{"rendered":"https:\/\/infozamoraec.com\/?p=15310"},"modified":"2025-09-05T01:05:14","modified_gmt":"2025-09-05T01:05:14","slug":"alcalde-de-zamora-entrega-bandas-ritmicas-en-las-u-e-la-inmaculada-y-luis-felipe-borja-del-alcazar","status":"publish","type":"post","link":"https:\/\/infozamoraec.com\/index.php\/2025\/09\/05\/alcalde-de-zamora-entrega-bandas-ritmicas-en-las-u-e-la-inmaculada-y-luis-felipe-borja-del-alcazar\/","title":{"rendered":"Alcalde de Zamora entrega bandas r\u00edtmicas en las U.E. La Inmaculada y Luis Felipe Borja del Alc\u00e1zar"},"content":{"rendered":"<p data-start=\"190\" data-end=\"564\">El alcalde del cant\u00f3n Zamora, Manuel Gonz\u00e1lez, particip\u00f3 en los actos de inauguraci\u00f3n del a\u00f1o lectivo en las unidades educativas La Inmaculada y Luis Felipe Borja del Alc\u00e1zar, donde realiz\u00f3 la entrega oficial de instrumentos para bandas r\u00edtmicas y destac\u00f3 las obras de infraestructura ejecutadas en beneficio de la comunidad estudiantil.<\/p>\n<p data-start=\"566\" data-end=\"939\">En la Unidad Educativa La Inmaculada, el 03 de septiembre,\u00a0 el Alcalde entreg\u00f3 la bandas r\u00edtmica como un aporte para fortalecer las actividades culturales, art\u00edsticas y c\u00edvicas de la instituci\u00f3n. La autoridad municipal tambi\u00e9n inform\u00f3 sobre los trabajos de mejoramiento de accesos y canchas deportivas, orientados a garantizar un entorno seguro y promover la pr\u00e1ctica de actividades f\u00edsicas.<\/p>\n<p data-start=\"941\" data-end=\"1361\">En tanto que, en la Unidad Educativa Luis Felipe Borja del Alc\u00e1zar, la jornada de este 04 de septiembre incluy\u00f3 la entrega de instrumentos para la banda r\u00edtmica y la colocaci\u00f3n de la primera piedra para la construcci\u00f3n del estadio con c\u00e9sped sint\u00e9tico, un proyecto que contempla una inversi\u00f3n referencial de USD 386.995,00 y un plazo de ejecuci\u00f3n de 180 d\u00edas.<\/p>\n<p data-start=\"1363\" data-end=\"1527\">El alcalde Gonz\u00e1lez destac\u00f3 que estas acciones buscan mejorar la infraestructura educativa y fomentar el desarrollo integral de ni\u00f1os y j\u00f3venes del cant\u00f3n Zamora.<\/p>\n","protected":false},"excerpt":{"rendered":"<p>El alcalde del cant\u00f3n Zamora, Manuel Gonz\u00e1lez, particip\u00f3 en los actos de inauguraci\u00f3n del a\u00f1o lectivo en las unidades educativas La Inmaculada y Luis Felipe Borja del Alc\u00e1zar, donde realiz\u00f3 la entrega oficial de instrumentos para bandas r\u00edtmicas y destac\u00f3 las obras de infraestructura ejecutadas en beneficio de la comunidad estudiantil. En la Unidad Educativa [&hellip;]<\/p>\n","protected":false},"author":1,"featured_media":15311,"comment_status":"open","ping_status":"open","sticky":false,"template":"","format":"standard","meta":{"footnotes":""},"categories":[9],"tags":[],"_links":{"self":[{"href":"https:\/\/infozamoraec.com\/index.php\/wp-json\/wp\/v2\/posts\/15310"}],"collection":[{"href":"https:\/\/infozamoraec.com\/index.php\/wp-json\/wp\/v2\/posts"}],"about":[{"href":"https:\/\/infozamoraec.com\/index.php\/wp-json\/wp\/v2\/types\/post"}],"author":[{"embeddable":true,"href":"https:\/\/infozamoraec.com\/index.php\/wp-json\/wp\/v2\/users\/1"}],"replies":[{"embeddable":true,"href":"https:\/\/infozamoraec.com\/index.php\/wp-json\/wp\/v2\/comments?post=15310"}],"version-history":[{"count":2,"href":"https:\/\/infozamoraec.com\/index.php\/wp-json\/wp\/v2\/posts\/15310\/revisions"}],"predecessor-version":[{"id":15313,"href":"https:\/\/infozamoraec.com\/index.php\/wp-json\/wp\/v2\/posts\/15310\/revisions\/15313"}],"wp:featuredmedia":[{"embeddable":true,"href":"https:\/\/infozamoraec.com\/index.php\/wp-json\/wp\/v2\/media\/15311"}],"wp:attachment":[{"href":"https:\/\/infozamoraec.com\/index.php\/wp-json\/wp\/v2\/media?parent=15310"}],"wp:term":[{"taxonomy":"category","embeddable":true,"href":"https:\/\/infozamoraec.com\/index.php\/wp-json\/wp\/v2\/categories?post=15310"},{"taxonomy":"post_tag","embeddable":true,"href":"https:\/\/infozamoraec.com\/index.php\/wp-json\/wp\/v2\/tags?post=15310"}],"curies":[{"name":"wp","href":"https:\/\/api.w.org\/{rel}","templated":true}]}}