{"id":15307,"date":"2025-09-05T00:57:07","date_gmt":"2025-09-05T00:57:07","guid":{"rendered":"https:\/\/infozamoraec.com\/?p=15307"},"modified":"2025-09-05T00:57:07","modified_gmt":"2025-09-05T00:57:07","slug":"inicia-la-construccion-del-estadio-con-cesped-sintetico-en-la-u-e-luis-felipe-borja-del-alcazar","status":"publish","type":"post","link":"https:\/\/infozamoraec.com\/index.php\/2025\/09\/05\/inicia-la-construccion-del-estadio-con-cesped-sintetico-en-la-u-e-luis-felipe-borja-del-alcazar\/","title":{"rendered":"Inicia la construcci\u00f3n del estadio con c\u00e9sped sint\u00e9tico en la U.E. Luis Felipe Borja del Alc\u00e1zar"},"content":{"rendered":"<p data-start=\"199\" data-end=\"507\">La Unidad Educativa Luis Felipe Borja del Alc\u00e1zar este mi\u00e9rcoles 04 de septiembre, vivi\u00f3 un momento hist\u00f3rico con la colocaci\u00f3n de la primera piedra para la construcci\u00f3n de su\u00a0 estadio con c\u00e9sped sint\u00e9tico, una obra que beneficiar\u00e1 a cientos de estudiantes y familias de la localidad.<\/p>\n<p data-start=\"509\" data-end=\"724\">El acto oficial cont\u00f3 con la presencia del alcalde de Zamora, Manuel Gonz\u00e1lez, concejales, autoridades provinciales, directivos de la instituci\u00f3n, docentes, estudiantes, padres de familia y medios de comunicaci\u00f3n.<\/p>\n<p data-start=\"726\" data-end=\"1066\">El proyecto, que cuenta con una inversi\u00f3n referencial de USD 386.995,00 y un plazo de ejecuci\u00f3n de 180 d\u00edas, contempla la instalaci\u00f3n de c\u00e9sped sint\u00e9tico, cerramiento perimetral, sistema de drenajes, red de aguas lluvias, bater\u00edas sanitarias, cubierta en el grader\u00edo sur, intervenci\u00f3n en el grader\u00edo existente e iluminaci\u00f3n del escenario.<\/p>\n<p data-start=\"1068\" data-end=\"1353\">El rector de la instituci\u00f3n educativa, Jorge Jim\u00e9nez, agradeci\u00f3 a la administraci\u00f3n municipal por hacer realidad un anhelo esperado por la comunidad, mientras que el director distrital de Educaci\u00f3n, Medardo Ortega, resalt\u00f3 que este es y ser\u00e1 un espacio emblem\u00e1tico para el desarrollo del deporte escolar.<\/p>\n<p data-start=\"1355\" data-end=\"1565\">Por su parte, el alcalde Manuel Gonz\u00e1lez destac\u00f3 que esta obra representa un paso importante para fortalecer el desarrollo integral de los j\u00f3venes y fomentar h\u00e1bitos saludables mediante la pr\u00e1ctica deportiva.<\/p>\n","protected":false},"excerpt":{"rendered":"<p>La Unidad Educativa Luis Felipe Borja del Alc\u00e1zar este mi\u00e9rcoles 04 de septiembre, vivi\u00f3 un momento hist\u00f3rico con la colocaci\u00f3n de la primera piedra para la construcci\u00f3n de su\u00a0 estadio con c\u00e9sped sint\u00e9tico, una obra que beneficiar\u00e1 a cientos de estudiantes y familias de la localidad. El acto oficial cont\u00f3 con la presencia del alcalde [&hellip;]<\/p>\n","protected":false},"author":1,"featured_media":15308,"comment_status":"open","ping_status":"open","sticky":false,"template":"","format":"standard","meta":{"footnotes":""},"categories":[9],"tags":[],"_links":{"self":[{"href":"https:\/\/infozamoraec.com\/index.php\/wp-json\/wp\/v2\/posts\/15307"}],"collection":[{"href":"https:\/\/infozamoraec.com\/index.php\/wp-json\/wp\/v2\/posts"}],"about":[{"href":"https:\/\/infozamoraec.com\/index.php\/wp-json\/wp\/v2\/types\/post"}],"author":[{"embeddable":true,"href":"https:\/\/infozamoraec.com\/index.php\/wp-json\/wp\/v2\/users\/1"}],"replies":[{"embeddable":true,"href":"https:\/\/infozamoraec.com\/index.php\/wp-json\/wp\/v2\/comments?post=15307"}],"version-history":[{"count":1,"href":"https:\/\/infozamoraec.com\/index.php\/wp-json\/wp\/v2\/posts\/15307\/revisions"}],"predecessor-version":[{"id":15309,"href":"https:\/\/infozamoraec.com\/index.php\/wp-json\/wp\/v2\/posts\/15307\/revisions\/15309"}],"wp:featuredmedia":[{"embeddable":true,"href":"https:\/\/infozamoraec.com\/index.php\/wp-json\/wp\/v2\/media\/15308"}],"wp:attachment":[{"href":"https:\/\/infozamoraec.com\/index.php\/wp-json\/wp\/v2\/media?parent=15307"}],"wp:term":[{"taxonomy":"category","embeddable":true,"href":"https:\/\/infozamoraec.com\/index.php\/wp-json\/wp\/v2\/categories?post=15307"},{"taxonomy":"post_tag","embeddable":true,"href":"https:\/\/infozamoraec.com\/index.php\/wp-json\/wp\/v2\/tags?post=15307"}],"curies":[{"name":"wp","href":"https:\/\/api.w.org\/{rel}","templated":true}]}}