{"id":15271,"date":"2025-09-04T01:56:36","date_gmt":"2025-09-04T01:56:36","guid":{"rendered":"https:\/\/infozamoraec.com\/?p=15271"},"modified":"2025-09-04T02:05:44","modified_gmt":"2025-09-04T02:05:44","slug":"deportistas-zamoranos-ya-estan-listos-para-el-panamericano-de-guatemala-2025","status":"publish","type":"post","link":"https:\/\/infozamoraec.com\/index.php\/2025\/09\/04\/deportistas-zamoranos-ya-estan-listos-para-el-panamericano-de-guatemala-2025\/","title":{"rendered":"Deportistas zamoranos ya est\u00e1n listos para el Panamericano de Guatemala 2025"},"content":{"rendered":"<p data-start=\"87\" data-end=\"351\">Desde este 03 de septiembre, la emoci\u00f3n se vive en la provincia de Zamora Chinchipe, ya que desde hoy <strong data-start=\"195\" data-end=\"277\">inicia oficialmente el Campeonato Panamericano de Tenis de Mesa Guatemala 2025<\/strong>, evento que se desarrollar\u00e1 hasta el 11 de septiembre en Centroam\u00e9rica.<\/p>\n<p data-start=\"353\" data-end=\"608\">Los deportistas zamoranos <strong data-start=\"379\" data-end=\"450\">Josu\u00e9 P\u00e9rez Ca\u00f1ar, El\u00edas Medina Villavicencio y Juan Pablo Gonz\u00e1lez<\/strong>, integrantes de la <strong data-start=\"470\" data-end=\"492\">Selecci\u00f3n Tricolor<\/strong>, ya se encuentran en suelo guatemalteco listos para representar al Ecuador en esta importante cita internacional.<\/p>\n<p data-start=\"353\" data-end=\"608\">En la primera fecha, hasta el cierre de\u00a0 esta edici\u00f3n,\u00a0<strong data-start=\"359\" data-end=\"380\">Josu\u00e9 P\u00e9rez Ca\u00f1ar<\/strong> enfrent\u00f3 sus primeros retos con los siguientes\u00a0 resultados<\/p>\n<ul data-start=\"437\" data-end=\"734\">\n<li data-start=\"437\" data-end=\"585\">\n<p data-start=\"439\" data-end=\"585\"><strong data-start=\"439\" data-end=\"466\">Victoria ante Guatemala<\/strong>: Jos\u00e9 logr\u00f3 imponerse en su encuentro inaugural frente al representante local, demostrando un juego s\u00f3lido y efectivo.<\/p>\n<\/li>\n<li data-start=\"587\" data-end=\"734\">\n<p data-start=\"589\" data-end=\"734\"><strong data-start=\"589\" data-end=\"614\">Derrota contra Canad\u00e1<\/strong>: En su siguiente presentaci\u00f3n, Jos\u00e9 cay\u00f3 ante el competidor canadiense, cerrando as\u00ed su jornada.<\/p>\n<\/li>\n<\/ul>\n<p data-start=\"610\" data-end=\"816\">El entrenador <strong data-start=\"624\" data-end=\"646\">Brayan Medina Le\u00f3n<\/strong>, responsable del proceso de preparaci\u00f3n, acompa\u00f1a a los tres talentos locales en este desaf\u00edo, asegurando el apoyo t\u00e9cnico y humano necesario para su \u00f3ptimo desempe\u00f1o.<\/p>\n<p data-start=\"818\" data-end=\"1155\">Este evento re\u00fane a los mejores exponentes de tenis de mesa del continente, y la participaci\u00f3n de los j\u00f3venes zamoranos representa un <strong data-start=\"952\" data-end=\"1011\">orgullo para la provincia y para el deporte ecuatoriano<\/strong>. Las autoridades de FEDE Zamora, el Ministerio del Deporte y Fedenador expresaron su respaldo y enviaron mensajes de aliento a la delegaci\u00f3n.<\/p>\n","protected":false},"excerpt":{"rendered":"<p>Desde este 03 de septiembre, la emoci\u00f3n se vive en la provincia de Zamora Chinchipe, ya que desde hoy inicia oficialmente el Campeonato Panamericano de Tenis de Mesa Guatemala 2025, evento que se desarrollar\u00e1 hasta el 11 de septiembre en Centroam\u00e9rica. Los deportistas zamoranos Josu\u00e9 P\u00e9rez Ca\u00f1ar, El\u00edas Medina Villavicencio y Juan Pablo Gonz\u00e1lez, integrantes [&hellip;]<\/p>\n","protected":false},"author":1,"featured_media":15272,"comment_status":"open","ping_status":"open","sticky":false,"template":"","format":"standard","meta":{"footnotes":""},"categories":[9,14],"tags":[],"_links":{"self":[{"href":"https:\/\/infozamoraec.com\/index.php\/wp-json\/wp\/v2\/posts\/15271"}],"collection":[{"href":"https:\/\/infozamoraec.com\/index.php\/wp-json\/wp\/v2\/posts"}],"about":[{"href":"https:\/\/infozamoraec.com\/index.php\/wp-json\/wp\/v2\/types\/post"}],"author":[{"embeddable":true,"href":"https:\/\/infozamoraec.com\/index.php\/wp-json\/wp\/v2\/users\/1"}],"replies":[{"embeddable":true,"href":"https:\/\/infozamoraec.com\/index.php\/wp-json\/wp\/v2\/comments?post=15271"}],"version-history":[{"count":1,"href":"https:\/\/infozamoraec.com\/index.php\/wp-json\/wp\/v2\/posts\/15271\/revisions"}],"predecessor-version":[{"id":15273,"href":"https:\/\/infozamoraec.com\/index.php\/wp-json\/wp\/v2\/posts\/15271\/revisions\/15273"}],"wp:featuredmedia":[{"embeddable":true,"href":"https:\/\/infozamoraec.com\/index.php\/wp-json\/wp\/v2\/media\/15272"}],"wp:attachment":[{"href":"https:\/\/infozamoraec.com\/index.php\/wp-json\/wp\/v2\/media?parent=15271"}],"wp:term":[{"taxonomy":"category","embeddable":true,"href":"https:\/\/infozamoraec.com\/index.php\/wp-json\/wp\/v2\/categories?post=15271"},{"taxonomy":"post_tag","embeddable":true,"href":"https:\/\/infozamoraec.com\/index.php\/wp-json\/wp\/v2\/tags?post=15271"}],"curies":[{"name":"wp","href":"https:\/\/api.w.org\/{rel}","templated":true}]}}