{"id":15244,"date":"2025-09-03T02:49:58","date_gmt":"2025-09-03T02:49:58","guid":{"rendered":"https:\/\/infozamoraec.com\/?p=15244"},"modified":"2025-09-03T02:49:58","modified_gmt":"2025-09-03T02:49:58","slug":"luisa-arremete-contra-aquiles-y-dice-que-debio-defender-el-no-intervensionismo-de-ee-uu-en-venezuela","status":"publish","type":"post","link":"https:\/\/infozamoraec.com\/index.php\/2025\/09\/03\/luisa-arremete-contra-aquiles-y-dice-que-debio-defender-el-no-intervensionismo-de-ee-uu-en-venezuela\/","title":{"rendered":"Luisa arremete contra Aquiles y dice que \u00abdebi\u00f3 defender el no intervensionismo de EE.UU en Venezuela\u00bb"},"content":{"rendered":"<p>Luego de que las declaraciones del alcalde de Guayaquil, Aquiles \u00c1lvarez, se viralizaran sobre su distanciamento de los l\u00edderes del corre\u00edsmo, la l\u00edder de la Revoluci\u00f3n Ciudadana, Luisa Gonz\u00e1lez, reaccion\u00f3 en X a las declaraciones de Alvarez, y dijo que:<\/p>\n<p>Con todo cari\u00f1o alcalde Aquiles Alvarez la postura contra LA INJERENCIA en Latinoam\u00e9rica con el nuevo Pllan C\u00f3ndor del Siglo XXI no es de \u201cun militante cualquiera pol\u00edtico\u201d\u00ab, expres\u00f3 Gonz\u00e1lez.<\/p>\n<p>Acto seguido, sali\u00f3 en defensa de su movimiento y de Nicol\u00e1s Maduro y dijo que \u00abno es solo una postura contra Venezuela sino contra el Movimiento que represento donde este gobierno sostiene que el Presidente Maduro, l\u00edder del supuesto \u201cCartel de los Soles\u201d financi\u00f3 la campa\u00f1a de la Revoluci\u00f3n Ciudadana lo cual es falso y lo he desafiado a demostrar sus palabras\u00bb, dijo.<\/p>\n<p>Para entonces, el expresidente Rafael Correa tambi\u00e9n sali\u00f3 en defensa de su movimiento y de Maduro: \u00abOtra cosa es comer cuento, como el Cartel de los Soles\u2026 \u00a1liderado por Nicol\u00e1s Maduro!\u00ab, a\u00f1adi\u00f3.<\/p>\n<p>Tras la llegada de los alcaldes de Quito, Guayaquil y Cuenca, cuya cita see dio temprano en la ma\u00f1ana en la Canciller\u00eda, el Gobierno expuso sus argumentos y explic\u00f3 el punto de inflexi\u00f3n que est\u00e1 viviendo el pa\u00eds por la inseguridad. Este encuentro se da a dos d\u00edas de la llegada del secretario de Estado de Estados Unidos a Ecuador.<\/p>\n<p>\u00abHemos hablado del involucramiento de los diferentes carteles de otros pa\u00edses que est\u00e1n actuando a trav\u00e9s de los grupos delictivos aqu\u00ed en Ecuador. As\u00ed como son los carteles mexicanos\u2026 los colombianos, y tambi\u00e9n se explic\u00f3 claramente sobre el involucramiento del Cartel de los Soles aqu\u00ed en Ecuador\u00ab, expres\u00f3 el ministro del Interior al culminar el encuentro. En la reuni\u00f3n tambi\u00e9n se trat\u00f3 la situaci\u00f3n de cada una de las ciudades, a\u00f1adi\u00f3 Reimberg.<\/p>\n<p>De su lado los alcalldes de Guayaquil, Aquiles Alvarez; el de Quito, Pabel Mu\u00f1oz y el de Cuenca, Cristian Zamora acordaron redoblar esfuerzos en la lucha contra la inseguridad. (I)<\/p>\n","protected":false},"excerpt":{"rendered":"<p>Luego de que las declaraciones del alcalde de Guayaquil, Aquiles \u00c1lvarez, se viralizaran sobre su distanciamento de los l\u00edderes del corre\u00edsmo, la l\u00edder de la Revoluci\u00f3n Ciudadana, Luisa Gonz\u00e1lez, reaccion\u00f3 en X a las declaraciones de Alvarez, y dijo que: Con todo cari\u00f1o alcalde Aquiles Alvarez la postura contra LA INJERENCIA en Latinoam\u00e9rica con el [&hellip;]<\/p>\n","protected":false},"author":1,"featured_media":15245,"comment_status":"open","ping_status":"open","sticky":false,"template":"","format":"standard","meta":{"footnotes":""},"categories":[12],"tags":[],"_links":{"self":[{"href":"https:\/\/infozamoraec.com\/index.php\/wp-json\/wp\/v2\/posts\/15244"}],"collection":[{"href":"https:\/\/infozamoraec.com\/index.php\/wp-json\/wp\/v2\/posts"}],"about":[{"href":"https:\/\/infozamoraec.com\/index.php\/wp-json\/wp\/v2\/types\/post"}],"author":[{"embeddable":true,"href":"https:\/\/infozamoraec.com\/index.php\/wp-json\/wp\/v2\/users\/1"}],"replies":[{"embeddable":true,"href":"https:\/\/infozamoraec.com\/index.php\/wp-json\/wp\/v2\/comments?post=15244"}],"version-history":[{"count":1,"href":"https:\/\/infozamoraec.com\/index.php\/wp-json\/wp\/v2\/posts\/15244\/revisions"}],"predecessor-version":[{"id":15246,"href":"https:\/\/infozamoraec.com\/index.php\/wp-json\/wp\/v2\/posts\/15244\/revisions\/15246"}],"wp:featuredmedia":[{"embeddable":true,"href":"https:\/\/infozamoraec.com\/index.php\/wp-json\/wp\/v2\/media\/15245"}],"wp:attachment":[{"href":"https:\/\/infozamoraec.com\/index.php\/wp-json\/wp\/v2\/media?parent=15244"}],"wp:term":[{"taxonomy":"category","embeddable":true,"href":"https:\/\/infozamoraec.com\/index.php\/wp-json\/wp\/v2\/categories?post=15244"},{"taxonomy":"post_tag","embeddable":true,"href":"https:\/\/infozamoraec.com\/index.php\/wp-json\/wp\/v2\/tags?post=15244"}],"curies":[{"name":"wp","href":"https:\/\/api.w.org\/{rel}","templated":true}]}}