{"id":15241,"date":"2025-09-03T02:47:07","date_gmt":"2025-09-03T02:47:07","guid":{"rendered":"https:\/\/infozamoraec.com\/?p=15241"},"modified":"2025-09-03T02:47:07","modified_gmt":"2025-09-03T02:47:07","slug":"aquiles-reacciona-a-marcha-del-gobierno-en-guayaquil-estamos-en-un-pais-libre","status":"publish","type":"post","link":"https:\/\/infozamoraec.com\/index.php\/2025\/09\/03\/aquiles-reacciona-a-marcha-del-gobierno-en-guayaquil-estamos-en-un-pais-libre\/","title":{"rendered":"Aquiles reacciona a marcha del Gobierno en Guayaquil: \u00abEstamos en un pa\u00eds libre\u00bb"},"content":{"rendered":"<p>Sobre la invitaci\u00f3n del presidente Daniel Noboa a manifestarse en Gayaquil en la llamada \u00abmarcha por la seguridad y la justucia\u00ab, convocada para el pr\u00f3ximo 11 de septiembre, el Alcalde Aquiles \u00c1lvarez, mencion\u00f3 que el Mandatario puede realizar la movilizaci\u00f3n sin problema al tratarse de una marcha pac\u00edfica.<\/p>\n<p>\u201cEstamos en un pa\u00eds libre, como es pac\u00edfica entonces no hay problema\u201c. Esta fue la frase con la que se refiri\u00f3 el burgomaestre porte\u00f1o a la movilizaci\u00f3n al ser consultado por medios nacionales.<\/p>\n<p>Marcha convocada por el Gobierno<br \/>\nEl Gobierno todav\u00eda no ha dado detalles del recorrido de la marcha ni la hora de la convocatoria.<\/p>\n<p>powered by<br \/>\n\u201cEl objetivo de esta jornada es expresar, de manera firme y pac\u00edfica, el compromiso del Ecuador con la defensa de la paz y la justicia, valores fundamentales para la convivencia democr\u00e1tica y el fortalecimiento del Estado de derecho\u201d, indic\u00f3 Presidencia en sus redes sociales.<\/p>\n<p>En el comunicado, \u201cse subraya que Noboa invita a todos los ecuatorianos a unirse a esta manifestaci\u00f3n de unidad nacional, que mira al futuro y que busca ratificar la voluntad del pueblo de vivir en un pa\u00eds seguro, justo y solidario\u201d. (I)<\/p>\n","protected":false},"excerpt":{"rendered":"<p>Sobre la invitaci\u00f3n del presidente Daniel Noboa a manifestarse en Gayaquil en la llamada \u00abmarcha por la seguridad y la justucia\u00ab, convocada para el pr\u00f3ximo 11 de septiembre, el Alcalde Aquiles \u00c1lvarez, mencion\u00f3 que el Mandatario puede realizar la movilizaci\u00f3n sin problema al tratarse de una marcha pac\u00edfica. \u201cEstamos en un pa\u00eds libre, como es [&hellip;]<\/p>\n","protected":false},"author":1,"featured_media":15242,"comment_status":"open","ping_status":"open","sticky":false,"template":"","format":"standard","meta":{"footnotes":""},"categories":[12],"tags":[],"_links":{"self":[{"href":"https:\/\/infozamoraec.com\/index.php\/wp-json\/wp\/v2\/posts\/15241"}],"collection":[{"href":"https:\/\/infozamoraec.com\/index.php\/wp-json\/wp\/v2\/posts"}],"about":[{"href":"https:\/\/infozamoraec.com\/index.php\/wp-json\/wp\/v2\/types\/post"}],"author":[{"embeddable":true,"href":"https:\/\/infozamoraec.com\/index.php\/wp-json\/wp\/v2\/users\/1"}],"replies":[{"embeddable":true,"href":"https:\/\/infozamoraec.com\/index.php\/wp-json\/wp\/v2\/comments?post=15241"}],"version-history":[{"count":1,"href":"https:\/\/infozamoraec.com\/index.php\/wp-json\/wp\/v2\/posts\/15241\/revisions"}],"predecessor-version":[{"id":15243,"href":"https:\/\/infozamoraec.com\/index.php\/wp-json\/wp\/v2\/posts\/15241\/revisions\/15243"}],"wp:featuredmedia":[{"embeddable":true,"href":"https:\/\/infozamoraec.com\/index.php\/wp-json\/wp\/v2\/media\/15242"}],"wp:attachment":[{"href":"https:\/\/infozamoraec.com\/index.php\/wp-json\/wp\/v2\/media?parent=15241"}],"wp:term":[{"taxonomy":"category","embeddable":true,"href":"https:\/\/infozamoraec.com\/index.php\/wp-json\/wp\/v2\/categories?post=15241"},{"taxonomy":"post_tag","embeddable":true,"href":"https:\/\/infozamoraec.com\/index.php\/wp-json\/wp\/v2\/tags?post=15241"}],"curies":[{"name":"wp","href":"https:\/\/api.w.org\/{rel}","templated":true}]}}