{"id":15237,"date":"2025-09-03T02:34:10","date_gmt":"2025-09-03T02:34:10","guid":{"rendered":"https:\/\/infozamoraec.com\/?p=15237"},"modified":"2025-09-03T02:34:10","modified_gmt":"2025-09-03T02:34:10","slug":"entrega-de-kits-digitales-a-establecimientos-educativos-de-zamora","status":"publish","type":"post","link":"https:\/\/infozamoraec.com\/index.php\/2025\/09\/03\/entrega-de-kits-digitales-a-establecimientos-educativos-de-zamora\/","title":{"rendered":"Entrega de kits digitales a establecimientos educativos de Zamora"},"content":{"rendered":"<p data-start=\"107\" data-end=\"438\">\u00a0Con el objetivo de <strong data-start=\"145\" data-end=\"211\">reducir la brecha digital y fortalecer los procesos educativos<\/strong>, el <strong data-start=\"216\" data-end=\"291\">director distrital de Educaci\u00f3n 19D01 Yacuambi \u2013 Zamora, Medardo Ortega<\/strong>, realiz\u00f3 la entrega de <strong data-start=\"315\" data-end=\"333\">kits digitales<\/strong> en un evento que cont\u00f3 con la presencia del Mgs. <strong data-start=\"383\" data-end=\"403\">Favio Villamizar<\/strong>, Coordinador Zonal de Educaci\u00f3n.<\/p>\n<p data-start=\"440\" data-end=\"865\">Durante la jornada, los <strong data-start=\"464\" data-end=\"529\">rectores de las instituciones educativas que cuentan con PCEI<\/strong> (Unidad Educativa 12 de Febrero \u2013 Zamora, Unidad Educativa PCEI Zamora Chinchipe, Unidad Educativa Alonso de Mercadillo, Sultana del Oriente Zamora Chinchipe y Unidad Educativa Daniel Mart\u00ednez Ord\u00f3\u00f1ez) entregaron un <strong data-start=\"746\" data-end=\"785\">reconocimiento al Coordinador Zonal<\/strong>, destacando su gesti\u00f3n y el compromiso demostrado con la comunidad educativa.<\/p>\n<p data-start=\"867\" data-end=\"1063\" data-is-last-node=\"\" data-is-only-node=\"\">A decir de\u00a0 Medardo Ortega, este encuentro reafirma la importancia del <strong data-start=\"910\" data-end=\"975\">trabajo conjunto entre autoridades e instituciones educativas<\/strong> para garantizar una <strong data-start=\"996\" data-end=\"1044\">educaci\u00f3n inclusiva, equitativa y de calidad<\/strong> en la provincia.<\/p>\n","protected":false},"excerpt":{"rendered":"<p>\u00a0Con el objetivo de reducir la brecha digital y fortalecer los procesos educativos, el director distrital de Educaci\u00f3n 19D01 Yacuambi \u2013 Zamora, Medardo Ortega, realiz\u00f3 la entrega de kits digitales en un evento que cont\u00f3 con la presencia del Mgs. Favio Villamizar, Coordinador Zonal de Educaci\u00f3n. Durante la jornada, los rectores de las instituciones educativas [&hellip;]<\/p>\n","protected":false},"author":1,"featured_media":15238,"comment_status":"open","ping_status":"open","sticky":false,"template":"","format":"standard","meta":{"footnotes":""},"categories":[9],"tags":[],"_links":{"self":[{"href":"https:\/\/infozamoraec.com\/index.php\/wp-json\/wp\/v2\/posts\/15237"}],"collection":[{"href":"https:\/\/infozamoraec.com\/index.php\/wp-json\/wp\/v2\/posts"}],"about":[{"href":"https:\/\/infozamoraec.com\/index.php\/wp-json\/wp\/v2\/types\/post"}],"author":[{"embeddable":true,"href":"https:\/\/infozamoraec.com\/index.php\/wp-json\/wp\/v2\/users\/1"}],"replies":[{"embeddable":true,"href":"https:\/\/infozamoraec.com\/index.php\/wp-json\/wp\/v2\/comments?post=15237"}],"version-history":[{"count":1,"href":"https:\/\/infozamoraec.com\/index.php\/wp-json\/wp\/v2\/posts\/15237\/revisions"}],"predecessor-version":[{"id":15239,"href":"https:\/\/infozamoraec.com\/index.php\/wp-json\/wp\/v2\/posts\/15237\/revisions\/15239"}],"wp:featuredmedia":[{"embeddable":true,"href":"https:\/\/infozamoraec.com\/index.php\/wp-json\/wp\/v2\/media\/15238"}],"wp:attachment":[{"href":"https:\/\/infozamoraec.com\/index.php\/wp-json\/wp\/v2\/media?parent=15237"}],"wp:term":[{"taxonomy":"category","embeddable":true,"href":"https:\/\/infozamoraec.com\/index.php\/wp-json\/wp\/v2\/categories?post=15237"},{"taxonomy":"post_tag","embeddable":true,"href":"https:\/\/infozamoraec.com\/index.php\/wp-json\/wp\/v2\/tags?post=15237"}],"curies":[{"name":"wp","href":"https:\/\/api.w.org\/{rel}","templated":true}]}}