{"id":15230,"date":"2025-09-03T02:15:31","date_gmt":"2025-09-03T02:15:31","guid":{"rendered":"https:\/\/infozamoraec.com\/?p=15230"},"modified":"2025-09-03T02:15:31","modified_gmt":"2025-09-03T02:15:31","slug":"avanza-proyecto-de-restauracion-de-paisajes-bioculturales-en-zamora-chinchipe","status":"publish","type":"post","link":"https:\/\/infozamoraec.com\/index.php\/2025\/09\/03\/avanza-proyecto-de-restauracion-de-paisajes-bioculturales-en-zamora-chinchipe\/","title":{"rendered":"Avanza proyecto de restauraci\u00f3n de paisajes bioculturales en Zamora Chinchipe"},"content":{"rendered":"<article class=\"text-token-text-primary w-full focus:outline-none scroll-mt-(--header-height)\" dir=\"auto\" tabindex=\"-1\" data-turn-id=\"bc6fc33b-723c-4a30-b940-b4019d9ca436\" data-testid=\"conversation-turn-283\" data-scroll-anchor=\"false\" data-turn=\"user\">\n<div class=\"text-base my-auto mx-auto pt-12 [--thread-content-margin:--spacing(4)] @[37rem]:[--thread-content-margin:--spacing(6)] @[72rem]:[--thread-content-margin:--spacing(16)] px-(--thread-content-margin)\">\n<div class=\"[--thread-content-max-width:32rem] @[34rem]:[--thread-content-max-width:40rem] @[64rem]:[--thread-content-max-width:48rem] mx-auto max-w-(--thread-content-max-width) flex-1 group\/turn-messages focus-visible:outline-hidden relative flex w-full min-w-0 flex-col\" tabindex=\"-1\">\n<div class=\"flex max-w-full flex-col grow\">\n<div class=\"min-h-8 text-message relative flex w-full flex-col items-end gap-2 text-start break-words whitespace-normal [.text-message+&amp;]:mt-5\" dir=\"auto\" data-message-author-role=\"user\" data-message-id=\"bc6fc33b-723c-4a30-b940-b4019d9ca436\">\n<div class=\"flex w-full flex-col gap-1 empty:hidden items-end rtl:items-start\">\n<div class=\"user-message-bubble-color relative max-w-[var(--user-chat-width,70%)] rounded-[18px] px-4 py-1.5 data-[multiline]:py-3\" data-multiline=\"\">\n<div class=\"whitespace-pre-wrap\">\u00a1Zamora Chinchipe.\u2013 En el marco de la cooperaci\u00f3n internacional entre el Gobierno Aut\u00f3nomo Descentralizado (GAD) Provincial de Zamora Chinchipe, el Ministerio del Ambiente y las organizaciones no gubernamentales Hivos y PPR, se desarroll\u00f3 una reuni\u00f3n de trabajo para dar seguimiento al proyecto <strong data-start=\"382\" data-end=\"471\">\u201cRestauraci\u00f3n de Paisajes Bioculturales y Productivos de la Amazon\u00eda Sur del Ecuador\u201d<\/strong>.<\/div>\n<\/div>\n<\/div>\n<\/div>\n<\/div>\n<\/div>\n<\/div>\n<\/article>\n<article class=\"text-token-text-primary w-full focus:outline-none scroll-mt-[calc(var(--header-height)+min(200px,max(70px,20svh)))]\" dir=\"auto\" tabindex=\"-1\" data-turn-id=\"f72b0898-3c48-42df-9fff-f448514f82b5\" data-testid=\"conversation-turn-284\" data-scroll-anchor=\"true\" data-turn=\"assistant\">\n<div class=\"text-base my-auto mx-auto pb-10 [--thread-content-margin:--spacing(4)] @[37rem]:[--thread-content-margin:--spacing(6)] @[72rem]:[--thread-content-margin:--spacing(16)] px-(--thread-content-margin)\">\n<div class=\"[--thread-content-max-width:32rem] @[34rem]:[--thread-content-max-width:40rem] @[64rem]:[--thread-content-max-width:48rem] mx-auto max-w-(--thread-content-max-width) flex-1 group\/turn-messages focus-visible:outline-hidden relative flex w-full min-w-0 flex-col agent-turn\" tabindex=\"-1\">\n<div class=\"flex max-w-full flex-col grow\">\n<div class=\"min-h-8 text-message relative flex w-full flex-col items-end gap-2 text-start break-words whitespace-normal [.text-message+&amp;]:mt-5\" dir=\"auto\" data-message-author-role=\"assistant\" data-message-id=\"60290eeb-6e29-4d4b-bdc8-774f9f5c1ed6\" data-message-model-slug=\"gpt-5\">\n<div class=\"flex w-full flex-col gap-1 empty:hidden first:pt-[3px]\">\n<div class=\"markdown prose dark:prose-invert w-full break-words light markdown-new-styling\">\n<p data-start=\"476\" data-end=\"708\">Durante el encuentro, se evaluaron las actividades programadas y se definieron nuevas l\u00edneas de acci\u00f3n para concluir con la implementaci\u00f3n y asegurar el cumplimiento de los compromisos asumidos por las instituciones participantes.<\/p>\n<p data-start=\"710\" data-end=\"919\">La Prefectura de Zamora Chinchipe inform\u00f3 que ha contribuido con la entrega de <strong data-start=\"789\" data-end=\"842\">alrededor de 10.000 plantas forestales y frutales<\/strong>, destinadas a la <strong data-start=\"860\" data-end=\"916\">restauraci\u00f3n de 1.000 hect\u00e1reas en el cant\u00f3n Palanda<\/strong>.<\/p>\n<p data-start=\"921\" data-end=\"1114\">El proyecto busca promover procesos de sostenibilidad mediante acciones de restauraci\u00f3n ambiental, inclusi\u00f3n del enfoque de g\u00e9nero, salvaguardas sociales y fortalecimiento de la comunicaci\u00f3n.<\/p>\n<p data-start=\"1116\" data-end=\"1339\" data-is-last-node=\"\" data-is-only-node=\"\">Las autoridades resaltaron que esta iniciativa reafirma el compromiso institucional con el <strong data-start=\"1207\" data-end=\"1248\">desarrollo sostenible de la provincia<\/strong>, a trav\u00e9s del trabajo articulado entre el sector p\u00fablico y la cooperaci\u00f3n internacional.<\/p>\n<\/div>\n<\/div>\n<\/div>\n<\/div>\n<\/div>\n<\/div>\n<\/article>\n","protected":false},"excerpt":{"rendered":"<p>\u00a1Zamora Chinchipe.\u2013 En el marco de la cooperaci\u00f3n internacional entre el Gobierno Aut\u00f3nomo Descentralizado (GAD) Provincial de Zamora Chinchipe, el Ministerio del Ambiente y las organizaciones no gubernamentales Hivos y PPR, se desarroll\u00f3 una reuni\u00f3n de trabajo para dar seguimiento al proyecto \u201cRestauraci\u00f3n de Paisajes Bioculturales y Productivos de la Amazon\u00eda Sur del Ecuador\u201d. Durante [&hellip;]<\/p>\n","protected":false},"author":1,"featured_media":15231,"comment_status":"open","ping_status":"open","sticky":false,"template":"","format":"standard","meta":{"footnotes":""},"categories":[9],"tags":[],"_links":{"self":[{"href":"https:\/\/infozamoraec.com\/index.php\/wp-json\/wp\/v2\/posts\/15230"}],"collection":[{"href":"https:\/\/infozamoraec.com\/index.php\/wp-json\/wp\/v2\/posts"}],"about":[{"href":"https:\/\/infozamoraec.com\/index.php\/wp-json\/wp\/v2\/types\/post"}],"author":[{"embeddable":true,"href":"https:\/\/infozamoraec.com\/index.php\/wp-json\/wp\/v2\/users\/1"}],"replies":[{"embeddable":true,"href":"https:\/\/infozamoraec.com\/index.php\/wp-json\/wp\/v2\/comments?post=15230"}],"version-history":[{"count":1,"href":"https:\/\/infozamoraec.com\/index.php\/wp-json\/wp\/v2\/posts\/15230\/revisions"}],"predecessor-version":[{"id":15232,"href":"https:\/\/infozamoraec.com\/index.php\/wp-json\/wp\/v2\/posts\/15230\/revisions\/15232"}],"wp:featuredmedia":[{"embeddable":true,"href":"https:\/\/infozamoraec.com\/index.php\/wp-json\/wp\/v2\/media\/15231"}],"wp:attachment":[{"href":"https:\/\/infozamoraec.com\/index.php\/wp-json\/wp\/v2\/media?parent=15230"}],"wp:term":[{"taxonomy":"category","embeddable":true,"href":"https:\/\/infozamoraec.com\/index.php\/wp-json\/wp\/v2\/categories?post=15230"},{"taxonomy":"post_tag","embeddable":true,"href":"https:\/\/infozamoraec.com\/index.php\/wp-json\/wp\/v2\/tags?post=15230"}],"curies":[{"name":"wp","href":"https:\/\/api.w.org\/{rel}","templated":true}]}}