{"id":15227,"date":"2025-09-03T02:10:15","date_gmt":"2025-09-03T02:10:15","guid":{"rendered":"https:\/\/infozamoraec.com\/?p=15227"},"modified":"2025-09-03T02:10:15","modified_gmt":"2025-09-03T02:10:15","slug":"camiz-impulsa-las-primeras-jornadas-tecnicas-para-fortalecer-la-mape-en-zamora-chinchipe","status":"publish","type":"post","link":"https:\/\/infozamoraec.com\/index.php\/2025\/09\/03\/camiz-impulsa-las-primeras-jornadas-tecnicas-para-fortalecer-la-mape-en-zamora-chinchipe\/","title":{"rendered":"CAMIZ impulsa las primeras jornadas t\u00e9cnicas para fortalecer la MAPE en Zamora Chinchipe"},"content":{"rendered":"<p>La C\u00e1mara de Miner\u00eda de Zamora (CAMIZ) realizar\u00e1 las Primeras Jornadas T\u00e9cnicas para el Fortalecimiento de la Miner\u00eda Artesanal y de Peque\u00f1a Escala (MAPE), este mi\u00e9rcoles 3 de septiembre de 2025, a partir de las 08:00, en el auditorio del Sindicato de Choferes de Zamora Chinchipe.<\/p>\n<p>Este importante evento busca promover la inclusi\u00f3n financiera, el acceso a herramientas digitales de pago, y la educaci\u00f3n econ\u00f3mica entre los peque\u00f1os mineros de la provincia, como parte de una estrategia para fomentar la formalizaci\u00f3n del sector, el manejo responsable de los recursos naturales y el desarrollo sostenible de la miner\u00eda en el Ecuador.<\/p>\n<p>El presidente de la CAMIZ, Paul Pineda, destac\u00f3 que las pol\u00edticas de la organizaci\u00f3n est\u00e1n enfocadas en capacitar a los socios, especialmente aquellos que desarrollan actividades dentro de la MAPE. <em>\u201cCreemos firmemente que la educaci\u00f3n y el acceso a servicios financieros son claves para la transformaci\u00f3n responsable del sector minero<\/em>\u201d, manifest\u00f3 el dirigente.<\/p>\n<p>Las jornadas que son abiertas al p\u00fablico, contar\u00e1n con la participaci\u00f3n de importantes instituciones como el Banco Central del Ecuador, la Universidad Nacional de Loja, quienes abordar\u00e1n temas de inter\u00e9s para los asistentes, desde procesos de formalizaci\u00f3n, acceso a la venta formal del oro al Banco Central del Ecuador, buenas pr\u00e1cticas mineras y automatizaci\u00f3n de procesos\u00a0mineros.<\/p>\n","protected":false},"excerpt":{"rendered":"<p>La C\u00e1mara de Miner\u00eda de Zamora (CAMIZ) realizar\u00e1 las Primeras Jornadas T\u00e9cnicas para el Fortalecimiento de la Miner\u00eda Artesanal y de Peque\u00f1a Escala (MAPE), este mi\u00e9rcoles 3 de septiembre de 2025, a partir de las 08:00, en el auditorio del Sindicato de Choferes de Zamora Chinchipe. Este importante evento busca promover la inclusi\u00f3n financiera, el [&hellip;]<\/p>\n","protected":false},"author":1,"featured_media":15228,"comment_status":"open","ping_status":"open","sticky":false,"template":"","format":"standard","meta":{"footnotes":""},"categories":[9],"tags":[],"_links":{"self":[{"href":"https:\/\/infozamoraec.com\/index.php\/wp-json\/wp\/v2\/posts\/15227"}],"collection":[{"href":"https:\/\/infozamoraec.com\/index.php\/wp-json\/wp\/v2\/posts"}],"about":[{"href":"https:\/\/infozamoraec.com\/index.php\/wp-json\/wp\/v2\/types\/post"}],"author":[{"embeddable":true,"href":"https:\/\/infozamoraec.com\/index.php\/wp-json\/wp\/v2\/users\/1"}],"replies":[{"embeddable":true,"href":"https:\/\/infozamoraec.com\/index.php\/wp-json\/wp\/v2\/comments?post=15227"}],"version-history":[{"count":1,"href":"https:\/\/infozamoraec.com\/index.php\/wp-json\/wp\/v2\/posts\/15227\/revisions"}],"predecessor-version":[{"id":15229,"href":"https:\/\/infozamoraec.com\/index.php\/wp-json\/wp\/v2\/posts\/15227\/revisions\/15229"}],"wp:featuredmedia":[{"embeddable":true,"href":"https:\/\/infozamoraec.com\/index.php\/wp-json\/wp\/v2\/media\/15228"}],"wp:attachment":[{"href":"https:\/\/infozamoraec.com\/index.php\/wp-json\/wp\/v2\/media?parent=15227"}],"wp:term":[{"taxonomy":"category","embeddable":true,"href":"https:\/\/infozamoraec.com\/index.php\/wp-json\/wp\/v2\/categories?post=15227"},{"taxonomy":"post_tag","embeddable":true,"href":"https:\/\/infozamoraec.com\/index.php\/wp-json\/wp\/v2\/tags?post=15227"}],"curies":[{"name":"wp","href":"https:\/\/api.w.org\/{rel}","templated":true}]}}