{"id":15212,"date":"2025-09-02T02:19:00","date_gmt":"2025-09-02T02:19:00","guid":{"rendered":"https:\/\/infozamoraec.com\/?p=15212"},"modified":"2025-09-02T02:19:00","modified_gmt":"2025-09-02T02:19:00","slug":"gobierno-dispuso-una-masiva-intervencion-militar-en-la-penitenciaria-del-litoral","status":"publish","type":"post","link":"https:\/\/infozamoraec.com\/index.php\/2025\/09\/02\/gobierno-dispuso-una-masiva-intervencion-militar-en-la-penitenciaria-del-litoral\/","title":{"rendered":"Gobierno dispuso una masiva intervenci\u00f3n militar en la Penitenciar\u00eda del Litoral"},"content":{"rendered":"<p>El ministro de Defensa, Gian Carlo Loffredo, lider\u00f3 este domingo 31 de agosto de 2025 una masiva intervenci\u00f3n militar de control en la Penitenciaria del Litoral, la c\u00e1rcel m\u00e1s grande y poblada de Ecuador.<\/p>\n<p>La intervenci\u00f3n militar en la c\u00e1rcel m\u00e1s grande y peligrosa del Ecuador<\/p>\n<p>El Bloque de Seguridad, a trav\u00e9s de las Fuerzas Armadas, ejecut\u00f3 una operaci\u00f3n de gran escala para desarticular posibles estructuras del crimen organizado que intentan operar desde el interior de la Penitenciar\u00eda del Litoral.<\/p>\n<p>El ministro de Defensa, Gian Carlo Loffredo, y el jefe del Comando Conjunto Accidental, Pablo Caicedo, desplegaron tropas especializadas en control de armas y explosivos.<\/p>\n<p>Los uniformados realizaron un exhaustivo registro en la Penitenciar\u00eda del Litoral, \u201cdebilitando la capacidad de acci\u00f3n de las bandas delictivas internas\u201d, indic\u00f3 el Ministerio de Defensa, en un comunicado.<\/p>\n<p>Mafias carcelarias<\/p>\n<p>El Ministerio reiter\u00f3 que el objetivo es \u201cimpedir que las mafias carcelarias intenten utilizar estos espacios como centros de poder\u201d.<\/p>\n<p>\u201cNo hay tregua contra las organizaciones criminales. Continuaremos con fuerza para devolver la paz a las familias ecuatorianas. Sin tregua a las mafias!\u201d, subrayo el Ministerio.<\/p>\n<p>Las c\u00e1rceles son uno de los epicentros de la crisis de violencia criminal sin precedentes que atraviesa Ecuador, al haber sido asesinados en su interior unos 600 reclusos desde 2021, la mayor\u00eda en una serie de masacres por enfrentamientos entre bandas rivales.<\/p>\n<p>Este fue uno de los motivos que llev\u00f3 al presidente Daniel Noboa a declarar desde inicios de 2024 al pa\u00eds bajo \u2018conflicto armado interno\u2019.<\/p>\n<p>Adem\u00e1s, a decretar una serie de estados de excepci\u00f3n con medidas como la militarizaci\u00f3n de las c\u00e1rceles.<\/p>\n<p>Esto, para recuperar el control estatal de las prisiones, que estaban dominadas por las bandas criminales.<\/p>\n","protected":false},"excerpt":{"rendered":"<p>El ministro de Defensa, Gian Carlo Loffredo, lider\u00f3 este domingo 31 de agosto de 2025 una masiva intervenci\u00f3n militar de control en la Penitenciaria del Litoral, la c\u00e1rcel m\u00e1s grande y poblada de Ecuador. La intervenci\u00f3n militar en la c\u00e1rcel m\u00e1s grande y peligrosa del Ecuador El Bloque de Seguridad, a trav\u00e9s de las Fuerzas [&hellip;]<\/p>\n","protected":false},"author":1,"featured_media":15213,"comment_status":"open","ping_status":"open","sticky":false,"template":"","format":"standard","meta":{"footnotes":""},"categories":[12],"tags":[],"_links":{"self":[{"href":"https:\/\/infozamoraec.com\/index.php\/wp-json\/wp\/v2\/posts\/15212"}],"collection":[{"href":"https:\/\/infozamoraec.com\/index.php\/wp-json\/wp\/v2\/posts"}],"about":[{"href":"https:\/\/infozamoraec.com\/index.php\/wp-json\/wp\/v2\/types\/post"}],"author":[{"embeddable":true,"href":"https:\/\/infozamoraec.com\/index.php\/wp-json\/wp\/v2\/users\/1"}],"replies":[{"embeddable":true,"href":"https:\/\/infozamoraec.com\/index.php\/wp-json\/wp\/v2\/comments?post=15212"}],"version-history":[{"count":1,"href":"https:\/\/infozamoraec.com\/index.php\/wp-json\/wp\/v2\/posts\/15212\/revisions"}],"predecessor-version":[{"id":15214,"href":"https:\/\/infozamoraec.com\/index.php\/wp-json\/wp\/v2\/posts\/15212\/revisions\/15214"}],"wp:featuredmedia":[{"embeddable":true,"href":"https:\/\/infozamoraec.com\/index.php\/wp-json\/wp\/v2\/media\/15213"}],"wp:attachment":[{"href":"https:\/\/infozamoraec.com\/index.php\/wp-json\/wp\/v2\/media?parent=15212"}],"wp:term":[{"taxonomy":"category","embeddable":true,"href":"https:\/\/infozamoraec.com\/index.php\/wp-json\/wp\/v2\/categories?post=15212"},{"taxonomy":"post_tag","embeddable":true,"href":"https:\/\/infozamoraec.com\/index.php\/wp-json\/wp\/v2\/tags?post=15212"}],"curies":[{"name":"wp","href":"https:\/\/api.w.org\/{rel}","templated":true}]}}