{"id":15207,"date":"2025-09-02T02:17:15","date_gmt":"2025-09-02T02:17:15","guid":{"rendered":"https:\/\/infozamoraec.com\/?p=15207"},"modified":"2025-09-02T02:17:15","modified_gmt":"2025-09-02T02:17:15","slug":"jorge-chamba-no-sera-investigado-en-la-asamblea-por-la-contratacion-de-su-expareja","status":"publish","type":"post","link":"https:\/\/infozamoraec.com\/index.php\/2025\/09\/02\/jorge-chamba-no-sera-investigado-en-la-asamblea-por-la-contratacion-de-su-expareja\/","title":{"rendered":"Jorge Chamba no ser\u00e1 investigado en la Asamblea por la contrataci\u00f3n de su expareja"},"content":{"rendered":"<div class=\"cp-excerpt-xl\">\n<p>El Consejo de Administraci\u00f3n Legislativa\u00a0<strong>(CAL)<\/strong>, que est\u00e1 bajo el control de la\u00a0<strong>bancada ADN<\/strong>, decidi\u00f3 no admitir a tr\u00e1mite la denuncia en contra del asamble\u00edsta de esas filas,\u00a0<a href=\"https:\/\/www.ecuavisa.com\/metadatos\/-\/meta\/jorge-chamba\" target=\"_blank\" rel=\"noopener noreferrer nofollow\">Jorge Chamba<\/a>, quien fue denunciado por presunto\u00a0<strong>nepotismo<\/strong>.<\/p>\n<p>En un comunicado divulgado este lunes 1 de septiembre del 2025, se indic\u00f3 que el presidente de la Asamblea,\u00a0<strong>Niels Olsen (ADN)<\/strong>, solicit\u00f3 a la Unidad T\u00e9cnica Legislativa (UTL) un informe \u00abbajo criterios de imparcialidad, legalidad y objetividad\u00bb para saber si proced\u00eda o no el tr\u00e1mite.<\/p>\n<p>Dicho informe recomendaba\u00a0<strong>no admitir a tr\u00e1mite la denuncia<\/strong>, presentada por el legislador C\u00e9sar Palacios (corre\u00edsmo). Aunque no era obligatorio acogerse al informe, el CAL acept\u00f3 la recomendaci\u00f3n, porque no se demostr\u00f3 \u00abde manera concluyente la existencia de un\u00a0<strong>v\u00ednculo jur\u00eddico familiar entre Chamba y su exasesora<\/strong>, que configure nepotismo\u00bb.<\/p>\n<p>El legislador\u00a0<strong>Jorge Chamba<\/strong>\u00a0fue denunciado en la Asamblea por la contrataci\u00f3n de su expareja y madre de su hija como asesora principal. Tras conocerse del caso, la aludida renunci\u00f3.<\/p>\n<p>Como respuesta, Chamba ha dicho que la contrataci\u00f3n se dio porque su expareja tiene \u00abperfil de ministra\u00bb.<\/p>\n<p>&nbsp;<\/p>\n<\/div>\n","protected":false},"excerpt":{"rendered":"<p>El Consejo de Administraci\u00f3n Legislativa\u00a0(CAL), que est\u00e1 bajo el control de la\u00a0bancada ADN, decidi\u00f3 no admitir a tr\u00e1mite la denuncia en contra del asamble\u00edsta de esas filas,\u00a0Jorge Chamba, quien fue denunciado por presunto\u00a0nepotismo. En un comunicado divulgado este lunes 1 de septiembre del 2025, se indic\u00f3 que el presidente de la Asamblea,\u00a0Niels Olsen (ADN), solicit\u00f3 [&hellip;]<\/p>\n","protected":false},"author":1,"featured_media":15208,"comment_status":"open","ping_status":"open","sticky":false,"template":"","format":"standard","meta":{"footnotes":""},"categories":[12],"tags":[],"_links":{"self":[{"href":"https:\/\/infozamoraec.com\/index.php\/wp-json\/wp\/v2\/posts\/15207"}],"collection":[{"href":"https:\/\/infozamoraec.com\/index.php\/wp-json\/wp\/v2\/posts"}],"about":[{"href":"https:\/\/infozamoraec.com\/index.php\/wp-json\/wp\/v2\/types\/post"}],"author":[{"embeddable":true,"href":"https:\/\/infozamoraec.com\/index.php\/wp-json\/wp\/v2\/users\/1"}],"replies":[{"embeddable":true,"href":"https:\/\/infozamoraec.com\/index.php\/wp-json\/wp\/v2\/comments?post=15207"}],"version-history":[{"count":2,"href":"https:\/\/infozamoraec.com\/index.php\/wp-json\/wp\/v2\/posts\/15207\/revisions"}],"predecessor-version":[{"id":15210,"href":"https:\/\/infozamoraec.com\/index.php\/wp-json\/wp\/v2\/posts\/15207\/revisions\/15210"}],"wp:featuredmedia":[{"embeddable":true,"href":"https:\/\/infozamoraec.com\/index.php\/wp-json\/wp\/v2\/media\/15208"}],"wp:attachment":[{"href":"https:\/\/infozamoraec.com\/index.php\/wp-json\/wp\/v2\/media?parent=15207"}],"wp:term":[{"taxonomy":"category","embeddable":true,"href":"https:\/\/infozamoraec.com\/index.php\/wp-json\/wp\/v2\/categories?post=15207"},{"taxonomy":"post_tag","embeddable":true,"href":"https:\/\/infozamoraec.com\/index.php\/wp-json\/wp\/v2\/tags?post=15207"}],"curies":[{"name":"wp","href":"https:\/\/api.w.org\/{rel}","templated":true}]}}