{"id":15204,"date":"2025-09-02T02:08:54","date_gmt":"2025-09-02T02:08:54","guid":{"rendered":"https:\/\/infozamoraec.com\/?p=15204"},"modified":"2025-09-02T02:08:54","modified_gmt":"2025-09-02T02:08:54","slug":"noboa-inaugura-el-regimen-escolar-sierra-amazonia-2025-2026","status":"publish","type":"post","link":"https:\/\/infozamoraec.com\/index.php\/2025\/09\/02\/noboa-inaugura-el-regimen-escolar-sierra-amazonia-2025-2026\/","title":{"rendered":"Noboa inaugura el r\u00e9gimen escolar Sierra-Amazon\u00eda 2025-2026"},"content":{"rendered":"<p>El presidente, Daniel Noboa, dio inicio al nuevo ciclo escolar del r\u00e9gimen 2025-2026 en la Sierra y Amazon\u00eda, el cual marca una nueva etapa para los 1,7 millones de estudiantes, que este 1 de septiembre vuelven a las aulas. Este nuevo a\u00f1o lectivo tendr\u00e1 200 d\u00edas de asistencia. Su ceremonia se dio en el colegio fiscal Juan Montalvo en Quito.<\/p>\n<p>El retorno ser\u00e1 progresivo seg\u00fan el nivel educativo, con el objetivo de facilitar la organizaci\u00f3n de la comunidad escolar y evitar aglomeraciones en los primeros d\u00edas. La medida se aplica en instituciones fiscales, fiscomisionales, municipales y particulares.<\/p>\n<p>Noboa dijo que a\u00fan recordaba cu\u00e1ndo \u00e9l llegaba a su escuela con su \u00abmochila cargada de sue\u00f1os, de servir al pa\u00eds\u00bb. \u200b\u00abMantengan vivos esos sue\u00f1os, creemos en ustedes para transformar Ecuador, sigan sus sue\u00f1os, no los de otros\u00bb.<\/p>\n<p>El mandatario ecuatoriano reconoci\u00f3 adem\u00e1s que las bandas delincuenciales han intentado permear en los colegios y escuelas.<br \/>\n\u200b<br \/>\n\u200b\u00bbSabemos que la violencia ha intentado entrar a los espacios educativos, pero siempre estaremos nosotros para luchar contra eso\u00bb, asegur\u00f3 Noboa. Por ello se lo vio al lado de su Ministro del Interior, John Reimberg quien inaugur\u00f3 el programa \u00abNos ccuidamos\u00bb, acuerdo que fue suscrito junto a la Ministra de Educaci\u00f3n, Alegr\u00eda Crespo.<br \/>\n\u200b<br \/>\n\u200bAdem\u00e1s, el mandatario record\u00f3 que en este a\u00f1o lectivo 2025-2025, se ense\u00f1ar\u00e1 una nueva materia llamada Educaci\u00f3n para la Seguridad.<\/p>\n","protected":false},"excerpt":{"rendered":"<p>El presidente, Daniel Noboa, dio inicio al nuevo ciclo escolar del r\u00e9gimen 2025-2026 en la Sierra y Amazon\u00eda, el cual marca una nueva etapa para los 1,7 millones de estudiantes, que este 1 de septiembre vuelven a las aulas. Este nuevo a\u00f1o lectivo tendr\u00e1 200 d\u00edas de asistencia. Su ceremonia se dio en el colegio [&hellip;]<\/p>\n","protected":false},"author":1,"featured_media":15205,"comment_status":"open","ping_status":"open","sticky":false,"template":"","format":"standard","meta":{"footnotes":""},"categories":[12],"tags":[],"_links":{"self":[{"href":"https:\/\/infozamoraec.com\/index.php\/wp-json\/wp\/v2\/posts\/15204"}],"collection":[{"href":"https:\/\/infozamoraec.com\/index.php\/wp-json\/wp\/v2\/posts"}],"about":[{"href":"https:\/\/infozamoraec.com\/index.php\/wp-json\/wp\/v2\/types\/post"}],"author":[{"embeddable":true,"href":"https:\/\/infozamoraec.com\/index.php\/wp-json\/wp\/v2\/users\/1"}],"replies":[{"embeddable":true,"href":"https:\/\/infozamoraec.com\/index.php\/wp-json\/wp\/v2\/comments?post=15204"}],"version-history":[{"count":1,"href":"https:\/\/infozamoraec.com\/index.php\/wp-json\/wp\/v2\/posts\/15204\/revisions"}],"predecessor-version":[{"id":15206,"href":"https:\/\/infozamoraec.com\/index.php\/wp-json\/wp\/v2\/posts\/15204\/revisions\/15206"}],"wp:featuredmedia":[{"embeddable":true,"href":"https:\/\/infozamoraec.com\/index.php\/wp-json\/wp\/v2\/media\/15205"}],"wp:attachment":[{"href":"https:\/\/infozamoraec.com\/index.php\/wp-json\/wp\/v2\/media?parent=15204"}],"wp:term":[{"taxonomy":"category","embeddable":true,"href":"https:\/\/infozamoraec.com\/index.php\/wp-json\/wp\/v2\/categories?post=15204"},{"taxonomy":"post_tag","embeddable":true,"href":"https:\/\/infozamoraec.com\/index.php\/wp-json\/wp\/v2\/tags?post=15204"}],"curies":[{"name":"wp","href":"https:\/\/api.w.org\/{rel}","templated":true}]}}