{"id":15201,"date":"2025-09-02T02:06:37","date_gmt":"2025-09-02T02:06:37","guid":{"rendered":"https:\/\/infozamoraec.com\/?p=15201"},"modified":"2025-09-02T02:06:37","modified_gmt":"2025-09-02T02:06:37","slug":"noboa-cambia-toda-la-cupula-militar-y-habla-de-nueva-fase-de-guerra","status":"publish","type":"post","link":"https:\/\/infozamoraec.com\/index.php\/2025\/09\/02\/noboa-cambia-toda-la-cupula-militar-y-habla-de-nueva-fase-de-guerra\/","title":{"rendered":"Noboa cambia toda la c\u00fapula militar y habla de \u00abnueva fase de guerra\u00bb"},"content":{"rendered":"<p>Tras la firma de los<strong>\u00a0Decretos Ejecutivos 111 y 112\u00a0<\/strong>el presidente<strong>\u00a0<a title=\"Daniel Noboa\" href=\"https:\/\/x.com\/DanielNoboaOk\" target=\"_blank\" rel=\"noopener\">Daniel Noboa<\/a> renov\u00f3 completamente la c\u00fapula militar este lunes 1 de septiembre del 2025.<\/strong><img decoding=\"async\" src=\"https:\/\/servedby.revive-adserver.net\/lg.php?bannerid=0&amp;campaignid=0&amp;zoneid=2931&amp;loc=https%3A%2F%2Fwww.larepublica.ec%2Fblog%2F2025%2F09%2F01%2Fnoboa-cambia-toda-la-cupula-militar-y-habla-de-nueva-fase-de-guerra%2F&amp;referer=https%3A%2F%2Fwww.larepublica.ec%2F&amp;cb=8b68e20332\" alt=\"\" width=\"0\" height=\"0\" \/><\/p>\n<p>La\u00a0<strong>Presidencia de la Rep\u00fablica, dijo que el objetivo de esta decisi\u00f3n es la renovaci\u00f3n es \u201crefrescar filas y fortalecer la capacidad operativa de las Fuerzas Armadas en esta nueva fase de la guerra\u201d.<\/strong><\/p>\n<p>De este modo la renovaci\u00f3n es total y\u00a0<a title=\"se la hace a d\u00edas de la llegada de Marco Rubio a Ecuador\" href=\"https:\/\/www.larepublica.ec\/blog\/2025\/09\/01\/noboa-se-reunira-con-marco-rubio-el-jueves-en-quito\/\" target=\"_blank\" rel=\"noopener\">se la hace a d\u00edas de la llegada de Marco Rubio a Ecuador<\/a>.\u00a0<strong>Noboa ces\u00f3 como jefe del Comando Conjunto de las Fuerzas Armadas a Jaime Vela<\/strong>, qui\u00e9n se desempe\u00f1aba en el cargo desde el\u00a0<strong>28 de noviembre del 2023. En su lugar est\u00e1 el comandante Henry Delgado.<\/strong><\/p>\n<p>Desde este lunes,\u00a0<strong>estar\u00e1 a cargo de la Fuerza Terrestre el general de Divisi\u00f3n Iv\u00e1n V\u00e1sconez Hurtado en reemplazo de Mauricio Salazar.<\/strong><\/p>\n<p>En la Fuerza Naval, sali\u00f3 del cargo Pablo Caicedo y en la Fuerza A\u00e9rea Ecuatoriana (FAE), en cambio, fue cesado Celiano Cevallos.<\/p>\n<p>A partir de este lunes 1 de septiembre, el Alto Mando militar queda conformado de la siguiente manera:<\/p>\n<p>Jefe del Comando Conjunto de las Fuerzas Armadas: General de Divisi\u00f3n Henry Santiago Delgado Salvador<br \/>\nComandante General de la Fuerza Naval: Contralmirante Ricardo Manuel Unda Serrano<br \/>\nComandante General de la Fuerza Terrestre: General de Divisi\u00f3n Iv\u00e1n Rodrigo V\u00e1sconez Hurtado<br \/>\nComandante General de la Fuerza A\u00e9rea: Brigadier General Mauricio Xavier Salazar Machuca.<br \/>\nEl nuevo Jefe del Comando Conjunto, Henry Delgado, es licenciado en Ciencias Militares y Licenciado en Educaci\u00f3n F\u00edsica. Se gradu\u00f3 en 1987 de la Escuela Superior Militar Eloy Alfaro como Subteniente del Arma de Comunicaciones. (I)<\/p>\n","protected":false},"excerpt":{"rendered":"<p>Tras la firma de los\u00a0Decretos Ejecutivos 111 y 112\u00a0el presidente\u00a0Daniel Noboa renov\u00f3 completamente la c\u00fapula militar este lunes 1 de septiembre del 2025. La\u00a0Presidencia de la Rep\u00fablica, dijo que el objetivo de esta decisi\u00f3n es la renovaci\u00f3n es \u201crefrescar filas y fortalecer la capacidad operativa de las Fuerzas Armadas en esta nueva fase de la [&hellip;]<\/p>\n","protected":false},"author":1,"featured_media":15202,"comment_status":"open","ping_status":"open","sticky":false,"template":"","format":"standard","meta":{"footnotes":""},"categories":[12],"tags":[],"_links":{"self":[{"href":"https:\/\/infozamoraec.com\/index.php\/wp-json\/wp\/v2\/posts\/15201"}],"collection":[{"href":"https:\/\/infozamoraec.com\/index.php\/wp-json\/wp\/v2\/posts"}],"about":[{"href":"https:\/\/infozamoraec.com\/index.php\/wp-json\/wp\/v2\/types\/post"}],"author":[{"embeddable":true,"href":"https:\/\/infozamoraec.com\/index.php\/wp-json\/wp\/v2\/users\/1"}],"replies":[{"embeddable":true,"href":"https:\/\/infozamoraec.com\/index.php\/wp-json\/wp\/v2\/comments?post=15201"}],"version-history":[{"count":1,"href":"https:\/\/infozamoraec.com\/index.php\/wp-json\/wp\/v2\/posts\/15201\/revisions"}],"predecessor-version":[{"id":15203,"href":"https:\/\/infozamoraec.com\/index.php\/wp-json\/wp\/v2\/posts\/15201\/revisions\/15203"}],"wp:featuredmedia":[{"embeddable":true,"href":"https:\/\/infozamoraec.com\/index.php\/wp-json\/wp\/v2\/media\/15202"}],"wp:attachment":[{"href":"https:\/\/infozamoraec.com\/index.php\/wp-json\/wp\/v2\/media?parent=15201"}],"wp:term":[{"taxonomy":"category","embeddable":true,"href":"https:\/\/infozamoraec.com\/index.php\/wp-json\/wp\/v2\/categories?post=15201"},{"taxonomy":"post_tag","embeddable":true,"href":"https:\/\/infozamoraec.com\/index.php\/wp-json\/wp\/v2\/tags?post=15201"}],"curies":[{"name":"wp","href":"https:\/\/api.w.org\/{rel}","templated":true}]}}