{"id":15197,"date":"2025-09-02T02:00:46","date_gmt":"2025-09-02T02:00:46","guid":{"rendered":"https:\/\/infozamoraec.com\/?p=15197"},"modified":"2025-09-02T02:00:46","modified_gmt":"2025-09-02T02:00:46","slug":"accidente-de-transito-deja-un-fallecido-y-un-herido-en-la-via-guayzimi-zurmi","status":"publish","type":"post","link":"https:\/\/infozamoraec.com\/index.php\/2025\/09\/02\/accidente-de-transito-deja-un-fallecido-y-un-herido-en-la-via-guayzimi-zurmi\/","title":{"rendered":"Accidente de tr\u00e1nsito deja un fallecido y un herido en la v\u00eda Guayzimi \u2013 Zurmi"},"content":{"rendered":"<p data-start=\"89\" data-end=\"363\">La tarde de este lunes 01 de\u00a0 septiembre se inform\u00f3, aproximadamente a las 12h30, se registr\u00f3 un accidente de tr\u00e1nsito en la v\u00eda Guayzimi \u2013 Zurmi, a 100 metros antes de llegar a la cabecera parroquialZurmi, cant\u00f3n Nangaritza.<\/p>\n<p data-start=\"365\" data-end=\"664\">El siniestro, tipificado como choque frontal angular, involucr\u00f3 a dos veh\u00edculos: una motocicleta color negra, marca Daytona, sin placa, conducida por <strong data-start=\"515\" data-end=\"553\">Cristian Fabricio C. P.<\/strong> y un cami\u00f3n color blanco, marca Chevrolet,\u00a0 conducido por <strong data-start=\"628\" data-end=\"661\">Jos\u00e9 Vicente C. P.<\/strong><\/p>\n<p data-start=\"666\" data-end=\"861\">Producto del impacto, el conductor de la motocicleta\u00a0 perdi\u00f3 la vida en el lugar del accidente, mientras que el conductor del cami\u00f3n\u00a0 result\u00f3 herido y recibi\u00f3 atenci\u00f3n m\u00e9dica inmediata.<\/p>\n<p data-start=\"863\" data-end=\"1186\">La Polic\u00eda Nacional indic\u00f3 que se produjeron tambi\u00e9n da\u00f1os materiales en los veh\u00edculos involucrados. Ambos automotores fueron trasladados con gr\u00faas particulares hasta los patios del Centro de Retenci\u00f3n Vehicular de la Jefatura Provincial de Tr\u00e1nsito de Zamora Chinchipe, para las investigaciones correspondientes.<\/p>\n<p data-start=\"1188\" data-end=\"1385\" data-is-last-node=\"\" data-is-only-node=\"\">Las autoridades reiteran el llamado a la ciudadan\u00eda a conducir con precauci\u00f3n y respetar las normas de tr\u00e1nsito, con el fin de evitar este tipo de hechos que enlutan a familias de la provincia.<\/p>\n","protected":false},"excerpt":{"rendered":"<p>La tarde de este lunes 01 de\u00a0 septiembre se inform\u00f3, aproximadamente a las 12h30, se registr\u00f3 un accidente de tr\u00e1nsito en la v\u00eda Guayzimi \u2013 Zurmi, a 100 metros antes de llegar a la cabecera parroquialZurmi, cant\u00f3n Nangaritza. El siniestro, tipificado como choque frontal angular, involucr\u00f3 a dos veh\u00edculos: una motocicleta color negra, marca Daytona, [&hellip;]<\/p>\n","protected":false},"author":1,"featured_media":15198,"comment_status":"open","ping_status":"open","sticky":false,"template":"","format":"standard","meta":{"footnotes":""},"categories":[9],"tags":[],"_links":{"self":[{"href":"https:\/\/infozamoraec.com\/index.php\/wp-json\/wp\/v2\/posts\/15197"}],"collection":[{"href":"https:\/\/infozamoraec.com\/index.php\/wp-json\/wp\/v2\/posts"}],"about":[{"href":"https:\/\/infozamoraec.com\/index.php\/wp-json\/wp\/v2\/types\/post"}],"author":[{"embeddable":true,"href":"https:\/\/infozamoraec.com\/index.php\/wp-json\/wp\/v2\/users\/1"}],"replies":[{"embeddable":true,"href":"https:\/\/infozamoraec.com\/index.php\/wp-json\/wp\/v2\/comments?post=15197"}],"version-history":[{"count":2,"href":"https:\/\/infozamoraec.com\/index.php\/wp-json\/wp\/v2\/posts\/15197\/revisions"}],"predecessor-version":[{"id":15200,"href":"https:\/\/infozamoraec.com\/index.php\/wp-json\/wp\/v2\/posts\/15197\/revisions\/15200"}],"wp:featuredmedia":[{"embeddable":true,"href":"https:\/\/infozamoraec.com\/index.php\/wp-json\/wp\/v2\/media\/15198"}],"wp:attachment":[{"href":"https:\/\/infozamoraec.com\/index.php\/wp-json\/wp\/v2\/media?parent=15197"}],"wp:term":[{"taxonomy":"category","embeddable":true,"href":"https:\/\/infozamoraec.com\/index.php\/wp-json\/wp\/v2\/categories?post=15197"},{"taxonomy":"post_tag","embeddable":true,"href":"https:\/\/infozamoraec.com\/index.php\/wp-json\/wp\/v2\/tags?post=15197"}],"curies":[{"name":"wp","href":"https:\/\/api.w.org\/{rel}","templated":true}]}}