{"id":15193,"date":"2025-09-02T01:53:36","date_gmt":"2025-09-02T01:53:36","guid":{"rendered":"https:\/\/infozamoraec.com\/?p=15193"},"modified":"2025-09-02T01:53:36","modified_gmt":"2025-09-02T01:53:36","slug":"gad-cantonal-de-palanda-clausuro-cursos-vacacionales-2025","status":"publish","type":"post","link":"https:\/\/infozamoraec.com\/index.php\/2025\/09\/02\/gad-cantonal-de-palanda-clausuro-cursos-vacacionales-2025\/","title":{"rendered":"GAD Cantonal de Palanda clausur\u00f3 Cursos Vacacionales 2025,"},"content":{"rendered":"<p style=\"text-align: justify;\"><span lang=\"ES-EC\" style=\"font-family: 'Arial',sans-serif;\">El <strong><span style=\"font-family: 'Arial',sans-serif;\">GAD Cantonal de Palanda<\/span><\/strong> clausur\u00f3 el <b>jueves 28 de agosto los<\/b> <strong><span style=\"font-family: 'Arial',sans-serif;\">Cursos Vacacionales 2025<\/span><\/strong>, una iniciativa que durante un mes reuni\u00f3 a <strong><span style=\"font-family: 'Arial',sans-serif;\">165 ni\u00f1os y 17 adultos<\/span><\/strong>, quienes aprovecharon su tiempo libre en actividades de formaci\u00f3n, recreaci\u00f3n y desarrollo personal.<\/span><\/p>\n<p style=\"text-align: justify;\"><span lang=\"ES-EC\" style=\"font-family: 'Arial',sans-serif;\">Desde el pasado <strong><span style=\"font-family: 'Arial',sans-serif;\">28 de julio<\/span><\/strong>, los participantes fueron parte de talleres en disciplinas como <strong><span style=\"font-family: 'Arial',sans-serif;\">danza infantil, dibujo y pintura, baloncesto, f\u00fatbol sala, m\u00fasica<\/span><\/strong>, as\u00ed como <strong><span style=\"font-family: 'Arial',sans-serif;\">danza y baile moderno en adultos<\/span><\/strong>. En la clausura, realizada en un ambiente de alegr\u00eda y entusiasmo, los asistentes demostraron lo aprendido a trav\u00e9s de presentaciones art\u00edsticas y deportivas que cautivaron al p\u00fablico.<\/span><\/p>\n<p style=\"text-align: justify;\"><span lang=\"ES-EC\" style=\"font-family: 'Arial',sans-serif;\">El objetivo de estos cursos fue <strong><span style=\"font-family: 'Arial',sans-serif;\">fomentar el uso productivo del tiempo libre<\/span><\/strong>, promoviendo la creatividad, la disciplina, el trabajo en equipo y el desarrollo integral de ni\u00f1os, j\u00f3venes y adultos del cant\u00f3n.<\/span><\/p>\n<p style=\"text-align: justify;\"><span lang=\"ES-EC\" style=\"font-family: 'Arial',sans-serif;\">El acto cont\u00f3 con la presencia del <strong><span style=\"font-family: 'Arial',sans-serif;\">alcalde de Palanda, Ing. Segundo Jaramillo<\/span><\/strong>, y los se\u00f1ores concejales, quienes destacaron la importancia de generar estos espacios de integraci\u00f3n y aprendizaje.<\/span><\/p>\n<p style=\"text-align: justify;\"><span lang=\"ES-EC\" style=\"font-family: 'Arial',sans-serif;\">El alcalde en su intervenci\u00f3n enfatiz\u00f3 que, <i>\u201cestas actividades se realizan con la finalidad de que nuestros ni\u00f1os y adultos fortalezcan sus talentos y se mantengan activos en un ambiente sano y formativo<\/i>\u201d. <\/span><\/p>\n<p style=\"text-align: justify;\"><span lang=\"ES-EC\" style=\"font-family: 'Arial',sans-serif;\">Por su parte, la vicealcaldesa Lic. Margarita Salinas, mencion\u00f3 en su intervenci\u00f3n, <i>\u201cquiero darles las gracias ustedes padres de familia, por a ver permitido que sus hijos formen parte de estos espacios de aprendizaje como fueron nuestros cursos vacacionales\u201d.<\/i> <\/span><\/p>\n<p style=\"text-align: justify;\"><span lang=\"ES-EC\" style=\"font-family: 'Arial',sans-serif;\">Con estos vacacionales, el GAD Cantonal reafirma su compromiso de seguir impulsando programas que fortalezcan el <strong><span style=\"font-family: 'Arial',sans-serif;\">arte, la cultura y el deporte<\/span><\/strong> en beneficio de la comunidad palandense.<\/span><\/p>\n","protected":false},"excerpt":{"rendered":"<p>El GAD Cantonal de Palanda clausur\u00f3 el jueves 28 de agosto los Cursos Vacacionales 2025, una iniciativa que durante un mes reuni\u00f3 a 165 ni\u00f1os y 17 adultos, quienes aprovecharon su tiempo libre en actividades de formaci\u00f3n, recreaci\u00f3n y desarrollo personal. Desde el pasado 28 de julio, los participantes fueron parte de talleres en disciplinas [&hellip;]<\/p>\n","protected":false},"author":1,"featured_media":15194,"comment_status":"open","ping_status":"open","sticky":false,"template":"","format":"standard","meta":{"footnotes":""},"categories":[9],"tags":[],"_links":{"self":[{"href":"https:\/\/infozamoraec.com\/index.php\/wp-json\/wp\/v2\/posts\/15193"}],"collection":[{"href":"https:\/\/infozamoraec.com\/index.php\/wp-json\/wp\/v2\/posts"}],"about":[{"href":"https:\/\/infozamoraec.com\/index.php\/wp-json\/wp\/v2\/types\/post"}],"author":[{"embeddable":true,"href":"https:\/\/infozamoraec.com\/index.php\/wp-json\/wp\/v2\/users\/1"}],"replies":[{"embeddable":true,"href":"https:\/\/infozamoraec.com\/index.php\/wp-json\/wp\/v2\/comments?post=15193"}],"version-history":[{"count":2,"href":"https:\/\/infozamoraec.com\/index.php\/wp-json\/wp\/v2\/posts\/15193\/revisions"}],"predecessor-version":[{"id":15196,"href":"https:\/\/infozamoraec.com\/index.php\/wp-json\/wp\/v2\/posts\/15193\/revisions\/15196"}],"wp:featuredmedia":[{"embeddable":true,"href":"https:\/\/infozamoraec.com\/index.php\/wp-json\/wp\/v2\/media\/15194"}],"wp:attachment":[{"href":"https:\/\/infozamoraec.com\/index.php\/wp-json\/wp\/v2\/media?parent=15193"}],"wp:term":[{"taxonomy":"category","embeddable":true,"href":"https:\/\/infozamoraec.com\/index.php\/wp-json\/wp\/v2\/categories?post=15193"},{"taxonomy":"post_tag","embeddable":true,"href":"https:\/\/infozamoraec.com\/index.php\/wp-json\/wp\/v2\/tags?post=15193"}],"curies":[{"name":"wp","href":"https:\/\/api.w.org\/{rel}","templated":true}]}}