{"id":15175,"date":"2025-08-30T02:08:29","date_gmt":"2025-08-30T02:08:29","guid":{"rendered":"https:\/\/infozamoraec.com\/?p=15175"},"modified":"2025-08-30T02:08:29","modified_gmt":"2025-08-30T02:08:29","slug":"proforma-presupuestaria-2025-se-analiza-en-la-comision-de-regimen-economico-con-delegados-de-ministros","status":"publish","type":"post","link":"https:\/\/infozamoraec.com\/index.php\/2025\/08\/30\/proforma-presupuestaria-2025-se-analiza-en-la-comision-de-regimen-economico-con-delegados-de-ministros\/","title":{"rendered":"Proforma presupuestaria 2025 se analiza en la Comisi\u00f3n de R\u00e9gimen Econ\u00f3mico con delegados de ministros"},"content":{"rendered":"<div class=\"cp-excerpt-xl\">\n<p>La\u00a0<strong>proforma presupuestaria 2025,<\/strong>\u00a0cuyo monto asciende a\u00a0<strong>$ 40.961 millones<\/strong>, se analiza en la Comisi\u00f3n de R\u00e9gimen Econ\u00f3mico de la Asamblea Nacional con la exposici\u00f3n de los delegados de los ministros de Estado y no con sus titulares.<\/p>\n<p>El tratamiento de la proforma enviada por el Gobierno nacional arranc\u00f3 el pasado 28 de agosto. Para la sesi\u00f3n de ese d\u00eda fueron convocados los representantes del Ministerio de Finanzas, de la Secretaria Nacional de Planificaci\u00f3n, del Servicio de Rentas Internas (SRI), del Ministerio de Salud y del Ministerio de Inclusi\u00f3n Econ\u00f3mica y Social. Sin embargo, ning\u00fan titular asisti\u00f3 y en su lugar enviaron a delegados.<\/p>\n<p>De la cartera de Econom\u00eda asisti\u00f3 el\u00a0<strong>viceministro de Finanzas<\/strong>,<strong>\u00a0Gary Coronel<\/strong>, quien detall\u00f3 c\u00f3mo se distribuyen los $ 40.961 de la proforma a sectores como salud, educaci\u00f3n, seguridad, Gobiernos aut\u00f3nomos descentralizados y m\u00e1s.<\/p>\n<p>De la misma manera, el director del SRI envi\u00f3 a\u00a0<strong>David Torres y Mauricio Coronado como sus representantes<\/strong>, quienes expusieron que para este 2025 se proyecta un incremento de la recaudaci\u00f3n equivalente al 2,7 % adicional.<\/p>\n<p>En tanto que\u00a0<strong>Joselyn Corrales, subsecretaria de Planificaci\u00f3n,<\/strong>\u00a0reemplaz\u00f3 a la titular de esta secretar\u00eda de Estado. En la mesa parlamentaria, la delegada present\u00f3 el cronograma, la metodolog\u00eda y las fases de elaboraci\u00f3n de la informaci\u00f3n conforme al Plan Nacional de Desarrollo 2025-2029.<\/p>\n<p>Por su parte, en representaci\u00f3n del Ministerio de Salud acudieron el\u00a0<strong>coordinador general de Planificaci\u00f3n, Jos\u00e9 Antonio G\u00e1lvez, y la coordinadora general Administrativa Financiera, Paulina Granda<\/strong>; mientras que por parte del MIES asistieron Jos\u00e9 Luis L\u00f3pez, coordinador general de Planificaci\u00f3n, y Ver\u00f3nica Caiza, directora de Transferencias.<\/p>\n<p>Para este viernes, 29 de agosto de 2025, la Comisi\u00f3n de R\u00e9gimen Econ\u00f3mico, presidida por la legisladora de la bancada oficialista Acci\u00f3n Democr\u00e1tica Nacional (ADN), Nathaly Farinango, convoc\u00f3 a los representantes del Ministerio de Transporte y Obras P\u00fablicas y del Ministerio de Energ\u00eda y Minas.<\/p>\n<p>Asimismo, sus titulares enviaron a delegados.\u00a0<strong>\u00c1lex Ra\u00fal Villacr\u00e9s, viceministro de Infraestructura,<\/strong>\u00a0fue el representante del Ministerio del Transporte, y\u00a0<strong>Ricardo Cueva, director de Planificaci\u00f3n e inversi\u00f3n<\/strong>, el delegado de la cartera de Energ\u00eda.<\/p>\n<p>Una segunda sesi\u00f3n fue convocada para esta misma jornada, para recibir las comparecencias del Ministerio de Defensa y del Ministerio del Interior.\u00a0<strong>Una vez m\u00e1s, los ministros no acudieron y enviaron delegados.<\/strong><\/p>\n<p>En el caso de la cartera de Defensa se conect\u00f3\u00a0<strong>Juan Francisco Mart\u00ednez, subsecretario de Planificaci\u00f3n y Econom\u00eda de la Defensa<\/strong>. En tanto que en representaci\u00f3n del Ministerio del Interior particip\u00f3 Pablo Rivera, coordinador general de Planificaci\u00f3n y Gesti\u00f3n Estrat\u00e9gica.<\/p>\n<p>La ausencia de los titulares de las diferentes carteras de Estado ha sido observada por los asamble\u00edstas de la oposici\u00f3n, como\u00a0<strong>Lilian Dur\u00e1n, M\u00f3nica Alem\u00e1n o Jos\u00e9 Vallejo,<\/strong>\u00a0de la bancada de la Revoluci\u00f3n Ciudadana, que son parte de la Comisi\u00f3n. Los \u2018corre\u00edstas\u2019 demandaron la presencia de los secretarios de Estado de manera presencial para que expongan la proforma presupuestaria.<\/p>\n<p>Por su parte, la presidenta de la Comisi\u00f3n de R\u00e9gimen Econ\u00f3mico,\u00a0<strong>Nathaly Farinango (ADN),<\/strong>\u00a0puntualiz\u00f3 a este Diario que las convocatorias para las comparecencias se env\u00edan al ministro, ministra o a sus delegados. \u201cAs\u00ed salen las invitaciones\u201d, precis\u00f3.<\/p>\n<p>El plazo de diez d\u00edas para que la mesa legislativa analice la proforma y emita un informe no vinculante empez\u00f3 a correr desde el 28 de agosto. Cumplido este tiempo, el pleno de la Asamblea Nacional tendr\u00e1 treinta d\u00edas para aprobar y observar la proforma presupuestaria.<\/p>\n<p>&nbsp;<\/p>\n<\/div>\n","protected":false},"excerpt":{"rendered":"<p>La\u00a0proforma presupuestaria 2025,\u00a0cuyo monto asciende a\u00a0$ 40.961 millones, se analiza en la Comisi\u00f3n de R\u00e9gimen Econ\u00f3mico de la Asamblea Nacional con la exposici\u00f3n de los delegados de los ministros de Estado y no con sus titulares. El tratamiento de la proforma enviada por el Gobierno nacional arranc\u00f3 el pasado 28 de agosto. Para la sesi\u00f3n [&hellip;]<\/p>\n","protected":false},"author":1,"featured_media":15177,"comment_status":"open","ping_status":"open","sticky":false,"template":"","format":"standard","meta":{"footnotes":""},"categories":[12],"tags":[],"_links":{"self":[{"href":"https:\/\/infozamoraec.com\/index.php\/wp-json\/wp\/v2\/posts\/15175"}],"collection":[{"href":"https:\/\/infozamoraec.com\/index.php\/wp-json\/wp\/v2\/posts"}],"about":[{"href":"https:\/\/infozamoraec.com\/index.php\/wp-json\/wp\/v2\/types\/post"}],"author":[{"embeddable":true,"href":"https:\/\/infozamoraec.com\/index.php\/wp-json\/wp\/v2\/users\/1"}],"replies":[{"embeddable":true,"href":"https:\/\/infozamoraec.com\/index.php\/wp-json\/wp\/v2\/comments?post=15175"}],"version-history":[{"count":1,"href":"https:\/\/infozamoraec.com\/index.php\/wp-json\/wp\/v2\/posts\/15175\/revisions"}],"predecessor-version":[{"id":15178,"href":"https:\/\/infozamoraec.com\/index.php\/wp-json\/wp\/v2\/posts\/15175\/revisions\/15178"}],"wp:featuredmedia":[{"embeddable":true,"href":"https:\/\/infozamoraec.com\/index.php\/wp-json\/wp\/v2\/media\/15177"}],"wp:attachment":[{"href":"https:\/\/infozamoraec.com\/index.php\/wp-json\/wp\/v2\/media?parent=15175"}],"wp:term":[{"taxonomy":"category","embeddable":true,"href":"https:\/\/infozamoraec.com\/index.php\/wp-json\/wp\/v2\/categories?post=15175"},{"taxonomy":"post_tag","embeddable":true,"href":"https:\/\/infozamoraec.com\/index.php\/wp-json\/wp\/v2\/tags?post=15175"}],"curies":[{"name":"wp","href":"https:\/\/api.w.org\/{rel}","templated":true}]}}