{"id":15166,"date":"2025-08-30T01:59:27","date_gmt":"2025-08-30T01:59:27","guid":{"rendered":"https:\/\/infozamoraec.com\/?p=15166"},"modified":"2025-08-30T01:59:35","modified_gmt":"2025-08-30T01:59:35","slug":"alcaldes-y-prefecta-de-guayas-se-reunieron-con-john-reimberg-por-tema-de-seguridad","status":"publish","type":"post","link":"https:\/\/infozamoraec.com\/index.php\/2025\/08\/30\/alcaldes-y-prefecta-de-guayas-se-reunieron-con-john-reimberg-por-tema-de-seguridad\/","title":{"rendered":"Alcaldes y prefecta de Guayas se reunieron con John Reimberg por tema de seguridad"},"content":{"rendered":"<p>Este viernes 29 de agosto, el gobernador del Guayas, Francisco Plaza, y el\u00a0ministro del Interior, John Reimberg, encabezaron\u00a0una sesi\u00f3n del Consejo de Seguridad. A la reuni\u00f3n acudieron al menos\u00a018 de los 24 alcaldes, entre esos el de Guayaquil,\u00a0Aquiles Alvarez,\u00a0y sus similares de Samborond\u00f3n, Daule y otros cantones. Adem\u00e1s\u00a0estuvo al lado de Reimberg, la prefecta del Guayas, Marcela Agui\u00f1aga.<\/p>\n<p>Entre los ausentes estuvo el alcalde de Dur\u00e1n, Luis Chonillo, quien ha sido blanco de amenazas de grupos delictivos desde que entr\u00f3 en funciones en mayo de 2023.<\/p>\n<p>La cita se inici\u00f3 pasadas las 11:30 y hasta alrededor de las 14:15 se realiz\u00f3 de manera reservada en el sal\u00f3n Sim\u00f3n Bol\u00edvar, en la primera planta del edificio de la Gobernaci\u00f3n de Guayas. Los medios solo tuvieron acceso a la parte inicial para realizar tomas.<\/p>\n<p>Sin embargo, se conoci\u00f3 que las autoridades evaluaron las situaciones de seguridad que aquejan a la provincia. Adem\u00e1s se determinaron acciones y necesidades en cada una de las localidades.<\/p>\n<p>Por ahora, debido a los \u00edndices de violencia, la provincia del Guayas permanece bajo estado de excepci\u00f3n por 60 d\u00edas. Esta provincia tiene el 50% de todas las muertes violentas de todo el pa\u00eds.<\/p>\n<p>Por otro lado, la Autoridad Portuaria de Guayaquil (APG) emiti\u00f3 una declaratoria de emergencia por la situaci\u00f3n de inseguridad que afronta el personal que labora en estaciones mar\u00edtimas.<\/p>\n<p>La medida tiene vigencia de 60 d\u00edas para avanzar en procesos de contrataci\u00f3n de infraestructura relacionada a la seguridad portuaria.<\/p>\n<p>En un informe se detalla que habr\u00edan recibido amenazas de parte de un grupo de delincuencia organizada.<\/p>\n<p>Al final de la cita, el ministro del Interior, John Reimberg, reaccion\u00f3 a la declaratoria de emergencia establecida por la Autoridad Portuaria de Guayaquil.<\/p>\n<p>\u201cNo han querido presentar una denuncia formal, una denuncia de cada una de las personas que han tratado de ser v\u00edctimas de extorsi\u00f3n\u201d, dijo y agreg\u00f3 que siguen las indagaciones de los casos que afectan a los trabajadores.<\/p>\n<p>En ese tema de puertos, dijo, el Bloque de Seguridad mantiene la articulaci\u00f3n de Polic\u00eda y Fuerzas Armadas para prestar su contingente en la seguridad de los espacios.<\/p>\n<p>Sobre la posible salida de navieras de Guayaquil por seguridad, Reimberg dijo que no \u201centrar\u00e1 en detalles\u00bb, y reclac\u00f3 que las navieran no se han ido por temas de seguridad y pidi\u00f3 que ese tema deber\u00eda ser un tema que aclare el ministro de Transporte y Obras P\u00fablicas.<\/p>\n<p>\u201cHay ecuatorianos que trabajan en los puertos, hay ecuatorianos afectados por extorsiones. Nosotros vamos a trabajar en cada uno de esos casos y la Armada lo ha dicho que se est\u00e1 articulado para trabajar en seguridad mar\u00edtima en alrededor de seguridad portuaria\u201d, expuso.<\/p>\n<p>En la cita se escuch\u00f3 a los alcaldes que hicieron pedidos de m\u00e1s polic\u00edas y de veh\u00edculos, as\u00ed como sugerencias de puntos de control.<\/p>\n<p>En el consejo, las autoridades acordaron que estas citas se replicar\u00e1n cada mes.<\/p>\n","protected":false},"excerpt":{"rendered":"<p>Este viernes 29 de agosto, el gobernador del Guayas, Francisco Plaza, y el\u00a0ministro del Interior, John Reimberg, encabezaron\u00a0una sesi\u00f3n del Consejo de Seguridad. A la reuni\u00f3n acudieron al menos\u00a018 de los 24 alcaldes, entre esos el de Guayaquil,\u00a0Aquiles Alvarez,\u00a0y sus similares de Samborond\u00f3n, Daule y otros cantones. Adem\u00e1s\u00a0estuvo al lado de Reimberg, la prefecta del [&hellip;]<\/p>\n","protected":false},"author":1,"featured_media":15167,"comment_status":"open","ping_status":"open","sticky":false,"template":"","format":"standard","meta":{"footnotes":""},"categories":[12],"tags":[],"_links":{"self":[{"href":"https:\/\/infozamoraec.com\/index.php\/wp-json\/wp\/v2\/posts\/15166"}],"collection":[{"href":"https:\/\/infozamoraec.com\/index.php\/wp-json\/wp\/v2\/posts"}],"about":[{"href":"https:\/\/infozamoraec.com\/index.php\/wp-json\/wp\/v2\/types\/post"}],"author":[{"embeddable":true,"href":"https:\/\/infozamoraec.com\/index.php\/wp-json\/wp\/v2\/users\/1"}],"replies":[{"embeddable":true,"href":"https:\/\/infozamoraec.com\/index.php\/wp-json\/wp\/v2\/comments?post=15166"}],"version-history":[{"count":1,"href":"https:\/\/infozamoraec.com\/index.php\/wp-json\/wp\/v2\/posts\/15166\/revisions"}],"predecessor-version":[{"id":15168,"href":"https:\/\/infozamoraec.com\/index.php\/wp-json\/wp\/v2\/posts\/15166\/revisions\/15168"}],"wp:featuredmedia":[{"embeddable":true,"href":"https:\/\/infozamoraec.com\/index.php\/wp-json\/wp\/v2\/media\/15167"}],"wp:attachment":[{"href":"https:\/\/infozamoraec.com\/index.php\/wp-json\/wp\/v2\/media?parent=15166"}],"wp:term":[{"taxonomy":"category","embeddable":true,"href":"https:\/\/infozamoraec.com\/index.php\/wp-json\/wp\/v2\/categories?post=15166"},{"taxonomy":"post_tag","embeddable":true,"href":"https:\/\/infozamoraec.com\/index.php\/wp-json\/wp\/v2\/tags?post=15166"}],"curies":[{"name":"wp","href":"https:\/\/api.w.org\/{rel}","templated":true}]}}