{"id":15163,"date":"2025-08-30T01:57:27","date_gmt":"2025-08-30T01:57:27","guid":{"rendered":"https:\/\/infozamoraec.com\/?p=15163"},"modified":"2025-08-30T01:57:27","modified_gmt":"2025-08-30T01:57:27","slug":"noboa-cancela-su-visita-a-vietnam-por-llegada-de-marco-rubio","status":"publish","type":"post","link":"https:\/\/infozamoraec.com\/index.php\/2025\/08\/30\/noboa-cancela-su-visita-a-vietnam-por-llegada-de-marco-rubio\/","title":{"rendered":"Noboa cancela su visita a Vietnam por llegada de Marco Rubio"},"content":{"rendered":"<p>El presidente de Ecuador, Daniel Noboa, inform\u00f3 que ya no viajar\u00e1 a Vietnam, donde ten\u00eda previsto reunirse el 30 de agosto con el primer ministro Pham Minh Chinh, entre otras actividades.<\/p>\n<p>La Canciller\u00eda de Ecuador inform\u00f3 que Noboa pospuso el viaje a Vietnam por mutuo acuerdo con las autoridades de ese pa\u00eds, y que se lo realizar\u00e1 en otra fecha para preparar la reuni\u00f3n con el secretario de Estado de Estados Unidos, Marco Rubio quien tiene previsto llegar Ecuador entre el tres o el cuatro de septiembre.<\/p>\n<p>La reuni\u00f3n de Noboa con Rubio se produce dentro del empe\u00f1o de Washington en reforzar su lucha contra grupos criminales con conexiones transnacionales. La cita entre Rubio y Noboa ser\u00e1 en Quito.<\/p>\n<p>Entre los temas en agenda est\u00e1n la lucha contra el narcotr\u00e1fico y la inmigraci\u00f3n irregular, se prev\u00e9 que Rubio hable con Noboa sobre la posibilidad de que Ecuador se aleje m\u00e1s de China, inform\u00f3 un funcionario estadounidense a la agencia AFP.<\/p>\n<p>Aunque el funcionario estadounidense dijo que Rubio no presionar\u00e1 a Ecuador para que abandone formalmente la Iniciativa de la Franja y la Ruta, pero estim\u00f3 que Noboa quiere un nuevo rumbo.<\/p>\n<p>Estados Unidos busca atacar el crimen transnacional Tren de Aragua o el Cartel de los Soles, ambos con origen en Venezuela pero tambien quiere atacar a c\u00e1rteles mexicanos. La tensi\u00f3n regional est\u00e1 disparada ante el nutrido despliegue militar estadounidense en el Caribe para combatir el tr\u00e1fico de drogas. (I)<\/p>\n","protected":false},"excerpt":{"rendered":"<p>El presidente de Ecuador, Daniel Noboa, inform\u00f3 que ya no viajar\u00e1 a Vietnam, donde ten\u00eda previsto reunirse el 30 de agosto con el primer ministro Pham Minh Chinh, entre otras actividades. La Canciller\u00eda de Ecuador inform\u00f3 que Noboa pospuso el viaje a Vietnam por mutuo acuerdo con las autoridades de ese pa\u00eds, y que se [&hellip;]<\/p>\n","protected":false},"author":1,"featured_media":15164,"comment_status":"open","ping_status":"open","sticky":false,"template":"","format":"standard","meta":{"footnotes":""},"categories":[12],"tags":[],"_links":{"self":[{"href":"https:\/\/infozamoraec.com\/index.php\/wp-json\/wp\/v2\/posts\/15163"}],"collection":[{"href":"https:\/\/infozamoraec.com\/index.php\/wp-json\/wp\/v2\/posts"}],"about":[{"href":"https:\/\/infozamoraec.com\/index.php\/wp-json\/wp\/v2\/types\/post"}],"author":[{"embeddable":true,"href":"https:\/\/infozamoraec.com\/index.php\/wp-json\/wp\/v2\/users\/1"}],"replies":[{"embeddable":true,"href":"https:\/\/infozamoraec.com\/index.php\/wp-json\/wp\/v2\/comments?post=15163"}],"version-history":[{"count":1,"href":"https:\/\/infozamoraec.com\/index.php\/wp-json\/wp\/v2\/posts\/15163\/revisions"}],"predecessor-version":[{"id":15165,"href":"https:\/\/infozamoraec.com\/index.php\/wp-json\/wp\/v2\/posts\/15163\/revisions\/15165"}],"wp:featuredmedia":[{"embeddable":true,"href":"https:\/\/infozamoraec.com\/index.php\/wp-json\/wp\/v2\/media\/15164"}],"wp:attachment":[{"href":"https:\/\/infozamoraec.com\/index.php\/wp-json\/wp\/v2\/media?parent=15163"}],"wp:term":[{"taxonomy":"category","embeddable":true,"href":"https:\/\/infozamoraec.com\/index.php\/wp-json\/wp\/v2\/categories?post=15163"},{"taxonomy":"post_tag","embeddable":true,"href":"https:\/\/infozamoraec.com\/index.php\/wp-json\/wp\/v2\/tags?post=15163"}],"curies":[{"name":"wp","href":"https:\/\/api.w.org\/{rel}","templated":true}]}}