{"id":15160,"date":"2025-08-30T01:54:57","date_gmt":"2025-08-30T01:54:57","guid":{"rendered":"https:\/\/infozamoraec.com\/?p=15160"},"modified":"2025-08-30T01:54:57","modified_gmt":"2025-08-30T01:54:57","slug":"lundin-gold-presento-su-memoria-de-sostenibilidad-2024-y-destaco-avances-en-criterios-esg-y-desarrollo-territorial","status":"publish","type":"post","link":"https:\/\/infozamoraec.com\/index.php\/2025\/08\/30\/lundin-gold-presento-su-memoria-de-sostenibilidad-2024-y-destaco-avances-en-criterios-esg-y-desarrollo-territorial\/","title":{"rendered":"Lundin Gold present\u00f3 su Memoria de Sostenibilidad 2024 y destac\u00f3 avances en criterios ESG y desarrollo territorial"},"content":{"rendered":"<p data-start=\"122\" data-end=\"646\">La compa\u00f1\u00eda minera Lundin Gold present\u00f3 su <em data-start=\"200\" data-end=\"232\">Memoria de Sostenibilidad 2024<\/em> en eventos realizados en Quito y Guayaquil, con el apoyo de la C\u00e1mara de Industrias y Producci\u00f3n de Quito, la C\u00e1mara de Industrias de Guayaquil y la Universidad San Francisco de Quito. Los encuentros reunieron a representantes de gremios, academia, sector empresarial y medios de comunicaci\u00f3n, con el objetivo de reflexionar sobre el papel de la miner\u00eda responsable en el desarrollo econ\u00f3mico y social del pa\u00eds.<\/p>\n<p data-start=\"648\" data-end=\"926\">Durante la presentaci\u00f3n, Sheila Colman, vicepresidenta Legal y de Sostenibilidad de Lundin Gold, destac\u00f3 que la sostenibilidad es un eje transversal en la gesti\u00f3n de la compa\u00f1\u00eda: <em data-start=\"827\" data-end=\"923\">\u201cLa miner\u00eda bien hecha es una verdadera aliada del desarrollo territorial, econ\u00f3mico y humano\u201d<\/em>.<\/p>\n<h3 data-start=\"928\" data-end=\"953\">Avances ambientales<\/h3>\n<p data-start=\"954\" data-end=\"1016\">El informe mostr\u00f3 avances en materia ambiental, entre ellos:<\/p>\n<ul data-start=\"1017\" data-end=\"1286\">\n<li data-start=\"1017\" data-end=\"1105\">\n<p data-start=\"1019\" data-end=\"1105\">Reducci\u00f3n del 40 % en el consumo de agua por persona en Fruta del Norte (2021\u20132024).<\/p>\n<\/li>\n<li data-start=\"1106\" data-end=\"1171\">\n<p data-start=\"1108\" data-end=\"1171\">Reciclaje o reutilizaci\u00f3n del 94 % de residuos no peligrosos.<\/p>\n<\/li>\n<li data-start=\"1172\" data-end=\"1286\">\n<p data-start=\"1174\" data-end=\"1286\">Restauraci\u00f3n de 3,7 hect\u00e1reas con vegetaci\u00f3n nativa en 2024, alcanzando un total de 15,4 ha entre 2021 y 2024.<\/p>\n<\/li>\n<\/ul>\n<p data-start=\"1288\" data-end=\"1473\">Asimismo, se fortaleci\u00f3 el <em data-start=\"1315\" data-end=\"1358\">Programa de Monitoreo Comunitario de Agua<\/em>, con la capacitaci\u00f3n de 17 personas de comunidades cercanas, promoviendo la transparencia en la gesti\u00f3n h\u00eddrica.<\/p>\n<h3 data-start=\"1475\" data-end=\"1503\">Desarrollo comunitario<\/h3>\n<p data-start=\"1504\" data-end=\"1745\">La compa\u00f1\u00eda report\u00f3 una inversi\u00f3n social acumulada superior a USD 44 millones, en alianza con Fundaci\u00f3n Lundin, destinada a educaci\u00f3n, salud, conectividad, infraestructura y programas con pueblos ind\u00edgenas. Entre los resultados destacados:<\/p>\n<ul data-start=\"1746\" data-end=\"2031\">\n<li data-start=\"1746\" data-end=\"1823\">\n<p data-start=\"1748\" data-end=\"1823\">Cobertura de internet comunitario pas\u00f3 del 16 % en 2010 al 100 % en 2024.<\/p>\n<\/li>\n<li data-start=\"1824\" data-end=\"1889\">\n<p data-start=\"1826\" data-end=\"1889\">Cobertura el\u00e9ctrica aument\u00f3 del 84 % en 2010 al 97 % en 2024.<\/p>\n<\/li>\n<li data-start=\"1890\" data-end=\"1963\">\n<p data-start=\"1892\" data-end=\"1963\">Acceso a agua potable se increment\u00f3 del 47 % en 2010 al 72 % en 2024.<\/p>\n<\/li>\n<li data-start=\"1964\" data-end=\"2031\">\n<p data-start=\"1966\" data-end=\"2031\">Acceso a alcantarillado subi\u00f3 del 35 % en 2010 al 49 % en 2024.<\/p>\n<\/li>\n<\/ul>\n<p data-start=\"2033\" data-end=\"2099\">En el \u00e1mbito educativo y social, la empresa inform\u00f3 que en 2024:<\/p>\n<ul data-start=\"2100\" data-end=\"2433\">\n<li data-start=\"2100\" data-end=\"2180\">\n<p data-start=\"2102\" data-end=\"2180\">El 100 % de los estudiantes de Los Encuentros se graduaron como bachilleres.<\/p>\n<\/li>\n<li data-start=\"2181\" data-end=\"2229\">\n<p data-start=\"2183\" data-end=\"2229\">46 j\u00f3venes accedieron a estudios superiores.<\/p>\n<\/li>\n<li data-start=\"2230\" data-end=\"2345\">\n<p data-start=\"2232\" data-end=\"2345\">La participaci\u00f3n en la academia cultural, educativa y deportiva ACCEDELE pas\u00f3 del 41 % en 2023 al 55 % en 2024.<\/p>\n<\/li>\n<li data-start=\"2346\" data-end=\"2433\">\n<p data-start=\"2348\" data-end=\"2433\">Las atenciones psicol\u00f3gicas en comunidades aumentaron de 186 en 2023 a 607 en 2024.<\/p>\n<\/li>\n<\/ul>\n<h3 data-start=\"2435\" data-end=\"2467\">Gobernanza y transparencia<\/h3>\n<p data-start=\"2468\" data-end=\"2639\">El informe resalt\u00f3 adem\u00e1s el compromiso de la empresa con la gobernanza \u00e9tica, la rendici\u00f3n de cuentas y la cooperaci\u00f3n interinstitucional, a trav\u00e9s de iniciativas como:<\/p>\n<ul data-start=\"2640\" data-end=\"2910\">\n<li data-start=\"2640\" data-end=\"2704\">\n<p data-start=\"2642\" data-end=\"2704\">Capacitaci\u00f3n a gobiernos locales y organizaciones ind\u00edgenas.<\/p>\n<\/li>\n<li data-start=\"2705\" data-end=\"2756\">\n<p data-start=\"2707\" data-end=\"2756\">Pago de regal\u00edas y contribuciones comunitarias.<\/p>\n<\/li>\n<li data-start=\"2757\" data-end=\"2851\">\n<p data-start=\"2759\" data-end=\"2851\">Participaci\u00f3n en la Iniciativa para la Transparencia en las Industrias Extractivas (EITI).<\/p>\n<\/li>\n<li data-start=\"2852\" data-end=\"2910\">\n<p data-start=\"2854\" data-end=\"2910\">Alianzas estrat\u00e9gicas con actores p\u00fablicos y privados.<\/p>\n<\/li>\n<\/ul>\n<p data-start=\"2912\" data-end=\"3143\">Desde el inicio de operaciones en 2019, la mina Fruta del Norte ha generado cerca de USD 4.000 millones en exportaciones, m\u00e1s de 3.200 empleos directos e indirectos, y en 2024 aport\u00f3 m\u00e1s de USD 270 millones al Estado ecuatoriano.<\/p>\n","protected":false},"excerpt":{"rendered":"<p>La compa\u00f1\u00eda minera Lundin Gold present\u00f3 su Memoria de Sostenibilidad 2024 en eventos realizados en Quito y Guayaquil, con el apoyo de la C\u00e1mara de Industrias y Producci\u00f3n de Quito, la C\u00e1mara de Industrias de Guayaquil y la Universidad San Francisco de Quito. Los encuentros reunieron a representantes de gremios, academia, sector empresarial y medios [&hellip;]<\/p>\n","protected":false},"author":1,"featured_media":15161,"comment_status":"open","ping_status":"open","sticky":false,"template":"","format":"standard","meta":{"footnotes":""},"categories":[9],"tags":[],"_links":{"self":[{"href":"https:\/\/infozamoraec.com\/index.php\/wp-json\/wp\/v2\/posts\/15160"}],"collection":[{"href":"https:\/\/infozamoraec.com\/index.php\/wp-json\/wp\/v2\/posts"}],"about":[{"href":"https:\/\/infozamoraec.com\/index.php\/wp-json\/wp\/v2\/types\/post"}],"author":[{"embeddable":true,"href":"https:\/\/infozamoraec.com\/index.php\/wp-json\/wp\/v2\/users\/1"}],"replies":[{"embeddable":true,"href":"https:\/\/infozamoraec.com\/index.php\/wp-json\/wp\/v2\/comments?post=15160"}],"version-history":[{"count":1,"href":"https:\/\/infozamoraec.com\/index.php\/wp-json\/wp\/v2\/posts\/15160\/revisions"}],"predecessor-version":[{"id":15162,"href":"https:\/\/infozamoraec.com\/index.php\/wp-json\/wp\/v2\/posts\/15160\/revisions\/15162"}],"wp:featuredmedia":[{"embeddable":true,"href":"https:\/\/infozamoraec.com\/index.php\/wp-json\/wp\/v2\/media\/15161"}],"wp:attachment":[{"href":"https:\/\/infozamoraec.com\/index.php\/wp-json\/wp\/v2\/media?parent=15160"}],"wp:term":[{"taxonomy":"category","embeddable":true,"href":"https:\/\/infozamoraec.com\/index.php\/wp-json\/wp\/v2\/categories?post=15160"},{"taxonomy":"post_tag","embeddable":true,"href":"https:\/\/infozamoraec.com\/index.php\/wp-json\/wp\/v2\/tags?post=15160"}],"curies":[{"name":"wp","href":"https:\/\/api.w.org\/{rel}","templated":true}]}}