{"id":15150,"date":"2025-08-30T01:38:41","date_gmt":"2025-08-30T01:38:41","guid":{"rendered":"https:\/\/infozamoraec.com\/?p=15150"},"modified":"2025-08-30T01:38:41","modified_gmt":"2025-08-30T01:38:41","slug":"clausura-de-los-cursos-vacacionales-de-baile-moderno-y-modelaje-en-zamora-chinchipe","status":"publish","type":"post","link":"https:\/\/infozamoraec.com\/index.php\/2025\/08\/30\/clausura-de-los-cursos-vacacionales-de-baile-moderno-y-modelaje-en-zamora-chinchipe\/","title":{"rendered":"Clausura de los Cursos Vacacionales de Baile Moderno y Modelaje en Zamora Chinchipe"},"content":{"rendered":"<p data-start=\"91\" data-end=\"376\">La Casa de la Cultura Ecuatoriana \u201cBenjam\u00edn Carri\u00f3n\u201d, N\u00facleo de Zamora Chinchipe, llev\u00f3 a cabo la clausura de los Cursos Vacacionales de Baile Moderno y Modelaje, en un evento que reuni\u00f3 a m\u00e1s de 60 ni\u00f1os y ni\u00f1as que demostraron el aprendizaje adquirido durante el proceso formativo.<\/p>\n<p data-start=\"378\" data-end=\"687\">El programa incluy\u00f3 presentaciones art\u00edsticas a cargo del elenco de Ashlie Dance, as\u00ed como intervenciones individuales y colectivas que reflejaron creatividad, disciplina y entusiasmo. Adem\u00e1s, se desarroll\u00f3 un desfile de modelaje en el que los estudiantes evidenciaron seguridad y confianza en el escenario.<\/p>\n<p data-start=\"689\" data-end=\"970\">El director de la Academia Ashlie Dance, Alex Alvarado, y la instructora Karen Quinche recibieron el reconocimiento de autoridades y p\u00fablico por su aporte en el desarrollo de las dos temporadas de formaci\u00f3n, orientadas a fortalecer las artes esc\u00e9nicas en la provincia.<\/p>\n<p data-start=\"972\" data-end=\"1279\">De igual manera, el director de la Casa de la Cultura N\u00facleo de Zamora Chinchipe, Jhamilton Mart\u00ednez Romero, destac\u00f3 el esfuerzo de los estudiantes y el respaldo de los padres de familia. Record\u00f3 tambi\u00e9n que la instituci\u00f3n mantiene abiertos cursos permanentes de Baile Moderno para la comunidad.<\/p>\n<p data-start=\"1281\" data-end=\"1572\">Como parte del acto de clausura, las estudiantes Ivana Chal\u00e1n y Darla Rold\u00e1n ofrecieron intervenciones art\u00edsticas especiales que dieron un cierre significativo a la jornada. Finalmente, se entregaron certificados de participaci\u00f3n a todos los asistentes como reconocimiento a su constancia.<\/p>\n<p data-start=\"1574\" data-end=\"1730\" data-is-last-node=\"\" data-is-only-node=\"\">Con este evento, la Casa de la Cultura reafirm\u00f3 su compromiso de promover la formaci\u00f3n art\u00edstica y cultural de ni\u00f1as, ni\u00f1os y j\u00f3venes en Zamora Chinchipe.<\/p>\n","protected":false},"excerpt":{"rendered":"<p>La Casa de la Cultura Ecuatoriana \u201cBenjam\u00edn Carri\u00f3n\u201d, N\u00facleo de Zamora Chinchipe, llev\u00f3 a cabo la clausura de los Cursos Vacacionales de Baile Moderno y Modelaje, en un evento que reuni\u00f3 a m\u00e1s de 60 ni\u00f1os y ni\u00f1as que demostraron el aprendizaje adquirido durante el proceso formativo. El programa incluy\u00f3 presentaciones art\u00edsticas a cargo del [&hellip;]<\/p>\n","protected":false},"author":1,"featured_media":15151,"comment_status":"open","ping_status":"open","sticky":false,"template":"","format":"standard","meta":{"footnotes":""},"categories":[9],"tags":[],"_links":{"self":[{"href":"https:\/\/infozamoraec.com\/index.php\/wp-json\/wp\/v2\/posts\/15150"}],"collection":[{"href":"https:\/\/infozamoraec.com\/index.php\/wp-json\/wp\/v2\/posts"}],"about":[{"href":"https:\/\/infozamoraec.com\/index.php\/wp-json\/wp\/v2\/types\/post"}],"author":[{"embeddable":true,"href":"https:\/\/infozamoraec.com\/index.php\/wp-json\/wp\/v2\/users\/1"}],"replies":[{"embeddable":true,"href":"https:\/\/infozamoraec.com\/index.php\/wp-json\/wp\/v2\/comments?post=15150"}],"version-history":[{"count":1,"href":"https:\/\/infozamoraec.com\/index.php\/wp-json\/wp\/v2\/posts\/15150\/revisions"}],"predecessor-version":[{"id":15152,"href":"https:\/\/infozamoraec.com\/index.php\/wp-json\/wp\/v2\/posts\/15150\/revisions\/15152"}],"wp:featuredmedia":[{"embeddable":true,"href":"https:\/\/infozamoraec.com\/index.php\/wp-json\/wp\/v2\/media\/15151"}],"wp:attachment":[{"href":"https:\/\/infozamoraec.com\/index.php\/wp-json\/wp\/v2\/media?parent=15150"}],"wp:term":[{"taxonomy":"category","embeddable":true,"href":"https:\/\/infozamoraec.com\/index.php\/wp-json\/wp\/v2\/categories?post=15150"},{"taxonomy":"post_tag","embeddable":true,"href":"https:\/\/infozamoraec.com\/index.php\/wp-json\/wp\/v2\/tags?post=15150"}],"curies":[{"name":"wp","href":"https:\/\/api.w.org\/{rel}","templated":true}]}}