{"id":15132,"date":"2025-08-29T02:43:27","date_gmt":"2025-08-29T02:43:27","guid":{"rendered":"https:\/\/infozamoraec.com\/?p=15132"},"modified":"2025-08-29T02:43:27","modified_gmt":"2025-08-29T02:43:27","slug":"fiscalia-realiza-11-allanamientos-en-guayas-y-pichincha-por-caso-apagones","status":"publish","type":"post","link":"https:\/\/infozamoraec.com\/index.php\/2025\/08\/29\/fiscalia-realiza-11-allanamientos-en-guayas-y-pichincha-por-caso-apagones\/","title":{"rendered":"Fiscal\u00eda realiza 11 allanamientos en Guayas y Pichincha por \u2018caso Apagones\u2019"},"content":{"rendered":"<p>La Fiscal\u00eda General del Estado (FGE), indic\u00f3 a trav\u00e9s de redes sociales que se realiza 11 nuevos allanamientos en inmuebles ubicados en Quito y Guayaquil, la ma\u00f1ana del jueves 28 de agosto de 2025, como parte del \u2018caso Apag\u00f3n\u2018, que investiga una ruta de peculado en contratos de generaci\u00f3n el\u00e9ctrica, firmados en 2024 entre Celec y la empresa norteamericana Progen.<\/p>\n<p>Entre los inmuebles intervenidos se incluyen viviendas y oficinas vinculadas a los investigados. Los agentes de la Polic\u00eda y Fiscal\u00eda recaban indicios como computadoras, documentos, dispositivos de almacenamiento, celulares, entre otros. Entre los allanamientos est\u00e1 una firma de abogados.<\/p>\n<p>La investigaci\u00f3n por el \u2018caso Apag\u00f3n\u2019 inici\u00f3 el pasado 28 de julio, cuando la Fiscal\u00eda realiz\u00f3 allanamientos en oficinas estatales y viviendas de los sospechosos, incluyendo la de Fabi\u00e1n Calero, exviceministro de Energ\u00eda y anterior gerente del holding estatal Corporaci\u00f3n El\u00e9ctrica de Ecuador (Celec).<\/p>\n<p>Las indagaciones surgen luego de que la Contralor\u00eda General del Estado determin\u00f3 un perjuicio de USD 100 millones para el Estado por los contratos para la instalaci\u00f3n de las centrales termoel\u00e9ctricas Quevedo y El Salitral. (I)<\/p>\n","protected":false},"excerpt":{"rendered":"<p>La Fiscal\u00eda General del Estado (FGE), indic\u00f3 a trav\u00e9s de redes sociales que se realiza 11 nuevos allanamientos en inmuebles ubicados en Quito y Guayaquil, la ma\u00f1ana del jueves 28 de agosto de 2025, como parte del \u2018caso Apag\u00f3n\u2018, que investiga una ruta de peculado en contratos de generaci\u00f3n el\u00e9ctrica, firmados en 2024 entre Celec [&hellip;]<\/p>\n","protected":false},"author":1,"featured_media":15133,"comment_status":"open","ping_status":"open","sticky":false,"template":"","format":"standard","meta":{"footnotes":""},"categories":[12],"tags":[],"_links":{"self":[{"href":"https:\/\/infozamoraec.com\/index.php\/wp-json\/wp\/v2\/posts\/15132"}],"collection":[{"href":"https:\/\/infozamoraec.com\/index.php\/wp-json\/wp\/v2\/posts"}],"about":[{"href":"https:\/\/infozamoraec.com\/index.php\/wp-json\/wp\/v2\/types\/post"}],"author":[{"embeddable":true,"href":"https:\/\/infozamoraec.com\/index.php\/wp-json\/wp\/v2\/users\/1"}],"replies":[{"embeddable":true,"href":"https:\/\/infozamoraec.com\/index.php\/wp-json\/wp\/v2\/comments?post=15132"}],"version-history":[{"count":1,"href":"https:\/\/infozamoraec.com\/index.php\/wp-json\/wp\/v2\/posts\/15132\/revisions"}],"predecessor-version":[{"id":15134,"href":"https:\/\/infozamoraec.com\/index.php\/wp-json\/wp\/v2\/posts\/15132\/revisions\/15134"}],"wp:featuredmedia":[{"embeddable":true,"href":"https:\/\/infozamoraec.com\/index.php\/wp-json\/wp\/v2\/media\/15133"}],"wp:attachment":[{"href":"https:\/\/infozamoraec.com\/index.php\/wp-json\/wp\/v2\/media?parent=15132"}],"wp:term":[{"taxonomy":"category","embeddable":true,"href":"https:\/\/infozamoraec.com\/index.php\/wp-json\/wp\/v2\/categories?post=15132"},{"taxonomy":"post_tag","embeddable":true,"href":"https:\/\/infozamoraec.com\/index.php\/wp-json\/wp\/v2\/tags?post=15132"}],"curies":[{"name":"wp","href":"https:\/\/api.w.org\/{rel}","templated":true}]}}