{"id":15126,"date":"2025-08-29T02:18:39","date_gmt":"2025-08-29T02:18:39","guid":{"rendered":"https:\/\/infozamoraec.com\/?p=15126"},"modified":"2025-08-29T02:18:39","modified_gmt":"2025-08-29T02:18:39","slug":"mi-pangui-seguro-congrego-a-cientos-de-ciudadanos-en-feria-de-seguridad-integral","status":"publish","type":"post","link":"https:\/\/infozamoraec.com\/index.php\/2025\/08\/29\/mi-pangui-seguro-congrego-a-cientos-de-ciudadanos-en-feria-de-seguridad-integral\/","title":{"rendered":"Mi Pangui Seguro\u201d congreg\u00f3 a cientos de ciudadanos en feria de seguridad integral"},"content":{"rendered":"<p data-start=\"90\" data-end=\"369\">Con gran acogida ciudadana se desarroll\u00f3 en El Pangui la Feria de Seguridad Integral <strong data-start=\"175\" data-end=\"197\">\u201cMi Pangui Seguro\u201d<\/strong>, una iniciativa que reuni\u00f3 a instituciones p\u00fablicas y privadas con el prop\u00f3sito de acercar a la poblaci\u00f3n los servicios y acciones que ejecutan en favor de la seguridad.<\/p>\n<p data-start=\"371\" data-end=\"718\">El evento tuvo lugar en el Minicoliseo de la ciudad, donde las autoridades destacaron la importancia del trabajo conjunto en la prevenci\u00f3n y combate de la delincuencia. Jhomayra Segovia, jefa pol\u00edtica del cant\u00f3n, expres\u00f3 su agradecimiento a las entidades participantes y resalt\u00f3 el compromiso interinstitucional para garantizar espacios seguros.<\/p>\n<p data-start=\"720\" data-end=\"1257\">Por su parte, la gobernadora de Zamora Chinchipe, Ivonne Panchi, enfatiz\u00f3 el trabajo del Gobierno Nacional para mantener la paz interna, haciendo un llamado a la ciudadan\u00eda a sumarse desde la formaci\u00f3n en valores dentro del hogar. En esa l\u00ednea, la vicealcaldesa de El Pangui, Mayra Quezada, mencion\u00f3 la inversi\u00f3n municipal en proyectos de electrificaci\u00f3n e iluminaci\u00f3n, que suman alrededor de 20 kil\u00f3metros de cobertura en barrios del cant\u00f3n. Adem\u00e1s, anunci\u00f3 que se planifica la instalaci\u00f3n de un circuito municipal de videovigilancia.<\/p>\n<p data-start=\"1259\" data-end=\"1582\">La feria combin\u00f3 espacios de informaci\u00f3n y entretenimiento: exhibiciones de artes marciales, presentaciones culturales, destrezas bomberiles, exhibiciones de canes amaestrados y m\u00fasica en vivo. Ni\u00f1os disfrazados de polic\u00edas, militares y bomberos recibieron reconocimientos, generando un ambiente familiar y participativo.<\/p>\n<p data-start=\"1584\" data-end=\"1849\">El evento fue organizado por la Gobernaci\u00f3n de Zamora Chinchipe, la Jefatura Pol\u00edtica y la Alcald\u00eda de El Pangui, con el apoyo de la Polic\u00eda Nacional, Cuerpo de Bomberos, Fuerzas Armadas, Cruz Roja, Comisar\u00eda Nacional de Polic\u00eda y la empresa EcuaCorriente (ECSA).<\/p>\n","protected":false},"excerpt":{"rendered":"<p>Con gran acogida ciudadana se desarroll\u00f3 en El Pangui la Feria de Seguridad Integral \u201cMi Pangui Seguro\u201d, una iniciativa que reuni\u00f3 a instituciones p\u00fablicas y privadas con el prop\u00f3sito de acercar a la poblaci\u00f3n los servicios y acciones que ejecutan en favor de la seguridad. El evento tuvo lugar en el Minicoliseo de la ciudad, [&hellip;]<\/p>\n","protected":false},"author":1,"featured_media":15127,"comment_status":"open","ping_status":"open","sticky":false,"template":"","format":"standard","meta":{"footnotes":""},"categories":[9],"tags":[],"_links":{"self":[{"href":"https:\/\/infozamoraec.com\/index.php\/wp-json\/wp\/v2\/posts\/15126"}],"collection":[{"href":"https:\/\/infozamoraec.com\/index.php\/wp-json\/wp\/v2\/posts"}],"about":[{"href":"https:\/\/infozamoraec.com\/index.php\/wp-json\/wp\/v2\/types\/post"}],"author":[{"embeddable":true,"href":"https:\/\/infozamoraec.com\/index.php\/wp-json\/wp\/v2\/users\/1"}],"replies":[{"embeddable":true,"href":"https:\/\/infozamoraec.com\/index.php\/wp-json\/wp\/v2\/comments?post=15126"}],"version-history":[{"count":1,"href":"https:\/\/infozamoraec.com\/index.php\/wp-json\/wp\/v2\/posts\/15126\/revisions"}],"predecessor-version":[{"id":15128,"href":"https:\/\/infozamoraec.com\/index.php\/wp-json\/wp\/v2\/posts\/15126\/revisions\/15128"}],"wp:featuredmedia":[{"embeddable":true,"href":"https:\/\/infozamoraec.com\/index.php\/wp-json\/wp\/v2\/media\/15127"}],"wp:attachment":[{"href":"https:\/\/infozamoraec.com\/index.php\/wp-json\/wp\/v2\/media?parent=15126"}],"wp:term":[{"taxonomy":"category","embeddable":true,"href":"https:\/\/infozamoraec.com\/index.php\/wp-json\/wp\/v2\/categories?post=15126"},{"taxonomy":"post_tag","embeddable":true,"href":"https:\/\/infozamoraec.com\/index.php\/wp-json\/wp\/v2\/tags?post=15126"}],"curies":[{"name":"wp","href":"https:\/\/api.w.org\/{rel}","templated":true}]}}