{"id":15119,"date":"2025-08-29T02:10:35","date_gmt":"2025-08-29T02:10:35","guid":{"rendered":"https:\/\/infozamoraec.com\/?p=15119"},"modified":"2025-08-29T02:10:35","modified_gmt":"2025-08-29T02:10:35","slug":"cce-zamora-chinchipe-fortalece-lazos-culturales-con-la-comunidad-educativa","status":"publish","type":"post","link":"https:\/\/infozamoraec.com\/index.php\/2025\/08\/29\/cce-zamora-chinchipe-fortalece-lazos-culturales-con-la-comunidad-educativa\/","title":{"rendered":"CCE Zamora Chinchipe fortalece lazos culturales con la comunidad educativa"},"content":{"rendered":"<p data-start=\"85\" data-end=\"410\">La <strong data-start=\"88\" data-end=\"169\">Casa de la Cultura Ecuatoriana \u201cBenjam\u00edn Carri\u00f3n\u201d, N\u00facleo de Zamora Chinchipe<\/strong>, bajo la direcci\u00f3n del <strong data-start=\"193\" data-end=\"227\">Lic. Jhamilton Mart\u00ednez Romero<\/strong>, recibi\u00f3 la visita de los docentes de la <strong data-start=\"269\" data-end=\"298\">Escuela General Rumi\u00f1ahui<\/strong> del cant\u00f3n Yantzaza, con el prop\u00f3sito de generar un espacio de <strong data-start=\"362\" data-end=\"407\">di\u00e1logo y coordinaci\u00f3n interinstitucional<\/strong>.<\/p>\n<p data-start=\"412\" data-end=\"627\">En el encuentro se trataron aspectos relacionados con la <strong data-start=\"469\" data-end=\"524\">planificaci\u00f3n y ejecuci\u00f3n de actividades culturales<\/strong> que se desarrollar\u00e1n en el marco de las festividades de la instituci\u00f3n educativa durante septiembre.<\/p>\n<p data-start=\"629\" data-end=\"850\">Con estas acciones, la Casa de la Cultura reafirma su <strong data-start=\"683\" data-end=\"744\">compromiso con la educaci\u00f3n y el fortalecimiento cultural<\/strong> en la provincia, promoviendo iniciativas que buscan trascender en las presentes y futuras generaciones.<\/p>\n","protected":false},"excerpt":{"rendered":"<p>La Casa de la Cultura Ecuatoriana \u201cBenjam\u00edn Carri\u00f3n\u201d, N\u00facleo de Zamora Chinchipe, bajo la direcci\u00f3n del Lic. Jhamilton Mart\u00ednez Romero, recibi\u00f3 la visita de los docentes de la Escuela General Rumi\u00f1ahui del cant\u00f3n Yantzaza, con el prop\u00f3sito de generar un espacio de di\u00e1logo y coordinaci\u00f3n interinstitucional. En el encuentro se trataron aspectos relacionados con la [&hellip;]<\/p>\n","protected":false},"author":1,"featured_media":15120,"comment_status":"open","ping_status":"open","sticky":false,"template":"","format":"standard","meta":{"footnotes":""},"categories":[9],"tags":[],"_links":{"self":[{"href":"https:\/\/infozamoraec.com\/index.php\/wp-json\/wp\/v2\/posts\/15119"}],"collection":[{"href":"https:\/\/infozamoraec.com\/index.php\/wp-json\/wp\/v2\/posts"}],"about":[{"href":"https:\/\/infozamoraec.com\/index.php\/wp-json\/wp\/v2\/types\/post"}],"author":[{"embeddable":true,"href":"https:\/\/infozamoraec.com\/index.php\/wp-json\/wp\/v2\/users\/1"}],"replies":[{"embeddable":true,"href":"https:\/\/infozamoraec.com\/index.php\/wp-json\/wp\/v2\/comments?post=15119"}],"version-history":[{"count":1,"href":"https:\/\/infozamoraec.com\/index.php\/wp-json\/wp\/v2\/posts\/15119\/revisions"}],"predecessor-version":[{"id":15121,"href":"https:\/\/infozamoraec.com\/index.php\/wp-json\/wp\/v2\/posts\/15119\/revisions\/15121"}],"wp:featuredmedia":[{"embeddable":true,"href":"https:\/\/infozamoraec.com\/index.php\/wp-json\/wp\/v2\/media\/15120"}],"wp:attachment":[{"href":"https:\/\/infozamoraec.com\/index.php\/wp-json\/wp\/v2\/media?parent=15119"}],"wp:term":[{"taxonomy":"category","embeddable":true,"href":"https:\/\/infozamoraec.com\/index.php\/wp-json\/wp\/v2\/categories?post=15119"},{"taxonomy":"post_tag","embeddable":true,"href":"https:\/\/infozamoraec.com\/index.php\/wp-json\/wp\/v2\/tags?post=15119"}],"curies":[{"name":"wp","href":"https:\/\/api.w.org\/{rel}","templated":true}]}}