{"id":15115,"date":"2025-08-29T02:06:30","date_gmt":"2025-08-29T02:06:30","guid":{"rendered":"https:\/\/infozamoraec.com\/?p=15115"},"modified":"2025-08-29T02:57:20","modified_gmt":"2025-08-29T02:57:20","slug":"unidad-educativa-luis-felipe-borga-contara-con-estadio-de-cesped-sintetico","status":"publish","type":"post","link":"https:\/\/infozamoraec.com\/index.php\/2025\/08\/29\/unidad-educativa-luis-felipe-borga-contara-con-estadio-de-cesped-sintetico\/","title":{"rendered":"Unidad Educativa Luis Felipe Borga contar\u00e1 con estadio de c\u00e9sped sint\u00e9tico"},"content":{"rendered":"<p data-start=\"85\" data-end=\"400\">El <strong data-start=\"88\" data-end=\"119\">jueves 28 de agosto de 2025<\/strong>, el alcalde del cant\u00f3n Zamora, <strong data-start=\"151\" data-end=\"170\">Manuel Gonz\u00e1lez<\/strong>, acompa\u00f1ado del concejal <strong data-start=\"196\" data-end=\"214\">Franz Regalado<\/strong> y de la planta docente de la <strong data-start=\"244\" data-end=\"282\">Unidad Educativa Luis Felipe Borga<\/strong>, mantuvo una reuni\u00f3n de trabajo para coordinar el inicio de la construcci\u00f3n de un <strong data-start=\"365\" data-end=\"397\">estadio con c\u00e9sped sint\u00e9tico<\/strong>.<\/p>\n<p data-start=\"402\" data-end=\"677\">La obra tiene como finalidad <strong data-start=\"431\" data-end=\"467\">fortalecer la pr\u00e1ctica deportiva<\/strong> y promover h\u00e1bitos de vida saludables en los estudiantes de la instituci\u00f3n. Adem\u00e1s, busca contribuir al desarrollo integral de la juventud zamorana mediante espacios adecuados para la formaci\u00f3n y recreaci\u00f3n.<\/p>\n<p data-start=\"679\" data-end=\"933\">Las autoridades municipales destacaron que este proyecto <strong data-start=\"736\" data-end=\"789\">beneficiar\u00e1 directamente a la comunidad educativa<\/strong> y al entorno social del sector, reafirmando el compromiso del Municipio de Zamora con la educaci\u00f3n y el bienestar de la ni\u00f1ez y adolescencia.<\/p>\n","protected":false},"excerpt":{"rendered":"<p>El jueves 28 de agosto de 2025, el alcalde del cant\u00f3n Zamora, Manuel Gonz\u00e1lez, acompa\u00f1ado del concejal Franz Regalado y de la planta docente de la Unidad Educativa Luis Felipe Borga, mantuvo una reuni\u00f3n de trabajo para coordinar el inicio de la construcci\u00f3n de un estadio con c\u00e9sped sint\u00e9tico. La obra tiene como finalidad fortalecer [&hellip;]<\/p>\n","protected":false},"author":1,"featured_media":15116,"comment_status":"open","ping_status":"open","sticky":false,"template":"","format":"standard","meta":{"footnotes":""},"categories":[9],"tags":[],"_links":{"self":[{"href":"https:\/\/infozamoraec.com\/index.php\/wp-json\/wp\/v2\/posts\/15115"}],"collection":[{"href":"https:\/\/infozamoraec.com\/index.php\/wp-json\/wp\/v2\/posts"}],"about":[{"href":"https:\/\/infozamoraec.com\/index.php\/wp-json\/wp\/v2\/types\/post"}],"author":[{"embeddable":true,"href":"https:\/\/infozamoraec.com\/index.php\/wp-json\/wp\/v2\/users\/1"}],"replies":[{"embeddable":true,"href":"https:\/\/infozamoraec.com\/index.php\/wp-json\/wp\/v2\/comments?post=15115"}],"version-history":[{"count":2,"href":"https:\/\/infozamoraec.com\/index.php\/wp-json\/wp\/v2\/posts\/15115\/revisions"}],"predecessor-version":[{"id":15118,"href":"https:\/\/infozamoraec.com\/index.php\/wp-json\/wp\/v2\/posts\/15115\/revisions\/15118"}],"wp:featuredmedia":[{"embeddable":true,"href":"https:\/\/infozamoraec.com\/index.php\/wp-json\/wp\/v2\/media\/15116"}],"wp:attachment":[{"href":"https:\/\/infozamoraec.com\/index.php\/wp-json\/wp\/v2\/media?parent=15115"}],"wp:term":[{"taxonomy":"category","embeddable":true,"href":"https:\/\/infozamoraec.com\/index.php\/wp-json\/wp\/v2\/categories?post=15115"},{"taxonomy":"post_tag","embeddable":true,"href":"https:\/\/infozamoraec.com\/index.php\/wp-json\/wp\/v2\/tags?post=15115"}],"curies":[{"name":"wp","href":"https:\/\/api.w.org\/{rel}","templated":true}]}}