{"id":15109,"date":"2025-08-28T02:39:12","date_gmt":"2025-08-28T02:39:12","guid":{"rendered":"https:\/\/infozamoraec.com\/?p=15109"},"modified":"2025-08-28T02:39:12","modified_gmt":"2025-08-28T02:39:12","slug":"compra-de-medicinas-se-concretara-en-60-dias-anuncia-ministro-jimmy-martin","status":"publish","type":"post","link":"https:\/\/infozamoraec.com\/index.php\/2025\/08\/28\/compra-de-medicinas-se-concretara-en-60-dias-anuncia-ministro-jimmy-martin\/","title":{"rendered":"Compra de medicinas se concretar\u00e1 en 60 d\u00edas, anuncia ministro Jimmy Martin"},"content":{"rendered":"<p>El ministro de Salud P\u00fablica, Jimmy Martin, anunci\u00f3 que en un plazo de 60 d\u00edas se concretar\u00e1n las compras centralizadas de medicamentos e insumos m\u00e9dicos a trav\u00e9s del Servicio Nacional de Contrataci\u00f3n P\u00fablica (SERCOP).<\/p>\n<p>\u201cEstamos atendiendo todos los problemas en paralelo. Se est\u00e1n modificando procesos, lo estamos haciendo de manera urgente\u201d, afirm\u00f3 Martin en entrevista con Teleamazonas. La estrategia contempla redistribuir recursos desde hospitales con abastecimiento superior al 90% hacia centros con mayores necesidades, mientras se ejecutan las nuevas adquisiciones.<\/p>\n<p>El ministro explic\u00f3 que esta compra nacional se realiza bajo un nuevo esquema t\u00e9cnico, con control presupuestario y trazabilidad. \u201cNo se trata solo de gastar, sino de invertir bien. Hay que cambiar la idea de que eficiencia es cu\u00e1nto se gasta\u201d, subray\u00f3.<\/p>\n<p>La ministra de Finanzas, Sariha Moya, confirm\u00f3 que se han destinado $200 millones para estas compras, aunque hasta ahora solo se han ejecutado $100 millones. El proceso forma parte de la hoja de ruta trazada por el Comit\u00e9 Nacional de Salud P\u00fablica (CONSAP), creado por decreto presidencial el 19 de agosto de 2025.<\/p>\n<p>Pese a los reclamos de gremios m\u00e9dicos, pacientes renales y colectivos ciudadanos, el ministro descart\u00f3 declarar emergencia sanitaria. \u201cNo es lo m\u00e1s oportuno\u201d, afirm\u00f3, al explicar que esta figura legal podr\u00eda acelerar procesos de compra, pero tambi\u00e9n eliminar controles y comprometer la transparencia.<\/p>\n<p>Martin insisti\u00f3 en que los problemas detectados en ciertos hospitales no representan la totalidad de la red p\u00fablica. \u201cNo es cierto que todos los hospitales est\u00e1n con problemas. Hay centros con abastecimiento superior al 90%, como el hospital b\u00e1sico de Shushufindi\u201d, se\u00f1al\u00f3.<\/p>\n<p>La postura del ministro contrasta con los pedidos de organizaciones como la Federaci\u00f3n M\u00e9dica Ecuatoriana, el Colegio de M\u00e9dicos del Guayas y colectivos como Pacientes Renales Unidos, que han exigido la declaratoria de emergencia ante la falta de insumos, personal y muertes no esclarecidas en centros como el Hospital Universitario de Guayaquil.<\/p>\n","protected":false},"excerpt":{"rendered":"<p>El ministro de Salud P\u00fablica, Jimmy Martin, anunci\u00f3 que en un plazo de 60 d\u00edas se concretar\u00e1n las compras centralizadas de medicamentos e insumos m\u00e9dicos a trav\u00e9s del Servicio Nacional de Contrataci\u00f3n P\u00fablica (SERCOP). \u201cEstamos atendiendo todos los problemas en paralelo. Se est\u00e1n modificando procesos, lo estamos haciendo de manera urgente\u201d, afirm\u00f3 Martin en entrevista [&hellip;]<\/p>\n","protected":false},"author":1,"featured_media":15110,"comment_status":"open","ping_status":"open","sticky":false,"template":"","format":"standard","meta":{"footnotes":""},"categories":[12],"tags":[],"_links":{"self":[{"href":"https:\/\/infozamoraec.com\/index.php\/wp-json\/wp\/v2\/posts\/15109"}],"collection":[{"href":"https:\/\/infozamoraec.com\/index.php\/wp-json\/wp\/v2\/posts"}],"about":[{"href":"https:\/\/infozamoraec.com\/index.php\/wp-json\/wp\/v2\/types\/post"}],"author":[{"embeddable":true,"href":"https:\/\/infozamoraec.com\/index.php\/wp-json\/wp\/v2\/users\/1"}],"replies":[{"embeddable":true,"href":"https:\/\/infozamoraec.com\/index.php\/wp-json\/wp\/v2\/comments?post=15109"}],"version-history":[{"count":1,"href":"https:\/\/infozamoraec.com\/index.php\/wp-json\/wp\/v2\/posts\/15109\/revisions"}],"predecessor-version":[{"id":15111,"href":"https:\/\/infozamoraec.com\/index.php\/wp-json\/wp\/v2\/posts\/15109\/revisions\/15111"}],"wp:featuredmedia":[{"embeddable":true,"href":"https:\/\/infozamoraec.com\/index.php\/wp-json\/wp\/v2\/media\/15110"}],"wp:attachment":[{"href":"https:\/\/infozamoraec.com\/index.php\/wp-json\/wp\/v2\/media?parent=15109"}],"wp:term":[{"taxonomy":"category","embeddable":true,"href":"https:\/\/infozamoraec.com\/index.php\/wp-json\/wp\/v2\/categories?post=15109"},{"taxonomy":"post_tag","embeddable":true,"href":"https:\/\/infozamoraec.com\/index.php\/wp-json\/wp\/v2\/tags?post=15109"}],"curies":[{"name":"wp","href":"https:\/\/api.w.org\/{rel}","templated":true}]}}