{"id":15106,"date":"2025-08-28T02:37:29","date_gmt":"2025-08-28T02:37:29","guid":{"rendered":"https:\/\/infozamoraec.com\/?p=15106"},"modified":"2025-08-28T02:37:29","modified_gmt":"2025-08-28T02:37:29","slug":"ecuador-abandona-estatuto-migratorio-suscrito-en-el-2010-con-venezuela","status":"publish","type":"post","link":"https:\/\/infozamoraec.com\/index.php\/2025\/08\/28\/ecuador-abandona-estatuto-migratorio-suscrito-en-el-2010-con-venezuela\/","title":{"rendered":"Ecuador abandona estatuto migratorio suscrito en el 2010 con Venezuela"},"content":{"rendered":"<p>La Asamblea Nacional con 86 votos, este 27 de agosto de 2025, dio por terminada la vigencia del\u00a0<a href=\"https:\/\/www.eluniverso.com\/noticias\/politica\/tratados-internacionales-ecuador-venezuela-migracion-daniel-noboa-corte-constitucional-asamblea-nacional-nota\/\" target=\"_self\" rel=\"noopener noreferrer nofollow\"><strong>Estatuto Migratorio entre Ecuador y Venezuela<\/strong><\/a>, que regulaba un procedimiento simplificado para la obtenci\u00f3n de visas y residencia de los ciudadanos venezolanos en territorio nacional desde el 2010 cuando se firm\u00f3.<\/p>\n<p>Con la decisi\u00f3n legislativa se pone fin a la participaci\u00f3n de Ecuador en un instrumento internacional. La elaboraci\u00f3n del informe estuvo a cargo de la Comisi\u00f3n de Relaciones Internacional de la legislatura cuya presidenta,\u00a0<a href=\"https:\/\/www.eluniverso.com\/temas\/lucia-jaramillo-zurita\/\" target=\"_self\" rel=\"noopener noreferrer nofollow\"><strong>Luc\u00eda Jaramillo (ADN)<\/strong><\/a>, aclar\u00f3 que la decisi\u00f3n no implica cerrar puertas a los venezolanos migrantes, sino garantizar el debido proceso en su regularizaci\u00f3n. \u201cNadie pierde derechos, pero el Ecuador recupera su control migratorio y protege la vida de sus ciudadanos\u201d.<\/p>\n<p>Ante el pleno explic\u00f3 que la\u00a0<a href=\"https:\/\/www.eluniverso.com\/temas\/corte-constitucional\/\" target=\"_self\" rel=\"noopener noreferrer nofollow\"><strong>Corte Constitucional<\/strong><\/a>, mediante dictamen 7-25-TI\/25, de 10 de julio de 2025, concluy\u00f3 que la denuncia del Tratado no supone una afectaci\u00f3n al derecho a la movilidad, pues este se encuentra fundamentado en la Constituci\u00f3n.<\/p>\n","protected":false},"excerpt":{"rendered":"<p>La Asamblea Nacional con 86 votos, este 27 de agosto de 2025, dio por terminada la vigencia del\u00a0Estatuto Migratorio entre Ecuador y Venezuela, que regulaba un procedimiento simplificado para la obtenci\u00f3n de visas y residencia de los ciudadanos venezolanos en territorio nacional desde el 2010 cuando se firm\u00f3. Con la decisi\u00f3n legislativa se pone fin [&hellip;]<\/p>\n","protected":false},"author":1,"featured_media":15107,"comment_status":"open","ping_status":"open","sticky":false,"template":"","format":"standard","meta":{"footnotes":""},"categories":[12],"tags":[],"_links":{"self":[{"href":"https:\/\/infozamoraec.com\/index.php\/wp-json\/wp\/v2\/posts\/15106"}],"collection":[{"href":"https:\/\/infozamoraec.com\/index.php\/wp-json\/wp\/v2\/posts"}],"about":[{"href":"https:\/\/infozamoraec.com\/index.php\/wp-json\/wp\/v2\/types\/post"}],"author":[{"embeddable":true,"href":"https:\/\/infozamoraec.com\/index.php\/wp-json\/wp\/v2\/users\/1"}],"replies":[{"embeddable":true,"href":"https:\/\/infozamoraec.com\/index.php\/wp-json\/wp\/v2\/comments?post=15106"}],"version-history":[{"count":1,"href":"https:\/\/infozamoraec.com\/index.php\/wp-json\/wp\/v2\/posts\/15106\/revisions"}],"predecessor-version":[{"id":15108,"href":"https:\/\/infozamoraec.com\/index.php\/wp-json\/wp\/v2\/posts\/15106\/revisions\/15108"}],"wp:featuredmedia":[{"embeddable":true,"href":"https:\/\/infozamoraec.com\/index.php\/wp-json\/wp\/v2\/media\/15107"}],"wp:attachment":[{"href":"https:\/\/infozamoraec.com\/index.php\/wp-json\/wp\/v2\/media?parent=15106"}],"wp:term":[{"taxonomy":"category","embeddable":true,"href":"https:\/\/infozamoraec.com\/index.php\/wp-json\/wp\/v2\/categories?post=15106"},{"taxonomy":"post_tag","embeddable":true,"href":"https:\/\/infozamoraec.com\/index.php\/wp-json\/wp\/v2\/tags?post=15106"}],"curies":[{"name":"wp","href":"https:\/\/api.w.org\/{rel}","templated":true}]}}