{"id":15094,"date":"2025-08-28T02:29:27","date_gmt":"2025-08-28T02:29:27","guid":{"rendered":"https:\/\/infozamoraec.com\/?p=15094"},"modified":"2025-08-28T02:29:27","modified_gmt":"2025-08-28T02:29:27","slug":"gobierno-y-organizaciones-sociales-vuelven-a-la-corte-constitucional-por-la-segunda-de-la-leyes-urgentes-de-noboa","status":"publish","type":"post","link":"https:\/\/infozamoraec.com\/index.php\/2025\/08\/28\/gobierno-y-organizaciones-sociales-vuelven-a-la-corte-constitucional-por-la-segunda-de-la-leyes-urgentes-de-noboa\/","title":{"rendered":"Gobierno y organizaciones sociales vuelven a la Corte Constitucional por la segunda de la leyes urgentes de Noboa"},"content":{"rendered":"<p>Representantes del Gobierno de Ecuador y de las organizaciones sociales volvieron este mi\u00e9rcoles a la Corte Constitucional (CC), esta vez para defender cada uno, en una audiencia, su postura ante la segunda de las tres pol\u00e9micas leyes que el alto tribunal suspendi\u00f3 de manera parcial.<\/p>\n<p>En concreto, la ley de Integridad P\u00fablica acumula hasta 26 demandas de inconstitucionalidad por parte de diversos sectores de la sociedad. Algunos de ellos participaron en esta audiencia, que se realiz\u00f3 de manera telem\u00e1tica y a la que estaban llamados a comparecer m\u00e1s de 100 personas.<\/p>\n<p>Las mismas organizaciones convocaron una protesta frente a la sede de la CC a las 9:30 hora local (14:30 GMT), media hora antes del inicio de la audiencia.<\/p>\n<p>La norma destaca especialmente por su reforma de la contrataci\u00f3n p\u00fablica y su intenci\u00f3n de evitar la corrupci\u00f3n en el sector p\u00fablico. Tambi\u00e9n incluye modificaciones de la ley de Servicio P\u00fablico, la implementaci\u00f3n de un portal de contrataci\u00f3n p\u00fablica y la creaci\u00f3n de un registro \u00fanico de proveedores.<\/p>\n<p>Existen tres puntos especialmente pol\u00e9micos. Por un lado, la ley obliga a las cooperativas de ahorro y cr\u00e9dito a volverse sociedades an\u00f3nimas e integrar el sector financiero privado.<\/p>\n<p>Por otro, modifica el C\u00f3digo de la Ni\u00f1ez, permitiendo que, en caso de delitos muy graves, los presuntos delincuentes menores de edad sean juzgados como adultos. Y por \u00faltimo, y seg\u00fan los sindicatos en contra, desestabiliza las condiciones laborales de los empleados p\u00fablicos.<\/p>\n<p>Andr\u00e9s Quishpe, representante legal de la Uni\u00f3n Nacional de Educadores (UNE), una de las organizaciones m\u00e1s cr\u00edticas a la ley, expuso que \u00e9sta abre la puerta a que \u00ablos funcionarios sean despedidos de la noche a la ma\u00f1ana\u00bb.<\/p>\n<p>Este argumento, que llevan defendiendo desde la entrada en vigor de la norma, es uno de los m\u00e1s recurrentes entre los sectores cr\u00edticos. De hecho, un plan de eficiencia del Gobierno, que inici\u00f3 en julio, contempla el despido de 5.000 funcionarios, algo que ha sido percibido como una primera consecuencia de la ley.<\/p>\n<p>Otro abogado tambi\u00e9n consider\u00f3 inconstitucional juzgar como adultos a los menores infractores y record\u00f3 que contradec\u00eda est\u00e1ndares internacionales. Adem\u00e1s argument\u00f3 que la redacci\u00f3n de la norma es imprecisa. no aporta seguridad jur\u00eddica y tampoco cumple con la unidad de materia, asegur\u00f3.<\/p>\n<p>Otras organizaciones en contra son la Asociaci\u00f3n Ecuatoriana de Magistrados y Jueces (Aemje), la Federaci\u00f3n de Servidores Universitarios y Polit\u00e9cnicos, el Frente Unitario de Trabajadores (FUT), la Federaci\u00f3n M\u00e9dica Ecuatoriana y colectivos feministas como Mujeres por el Cambio.<\/p>\n<p>Audiencias en la Corte<br \/>\nEsta es la segunda de las tres audiencias programadas. La primera, relativa a la ley de Solidaridad Nacional, se celebr\u00f3 el pasado lunes, y la pr\u00f3xima, sobre la ley de Inteligencia, ser\u00e1 el pr\u00f3ximo 1 de septiembre.<\/p>\n<p>Esta \u00faltima norma es criticada porque permite a los agentes de inteligencia adquirir otra identidad y al Gobierno solicitar informaci\u00f3n de usuarios a las compa\u00f1\u00edas de telefon\u00eda.<\/p>\n<p>Las audiencias iniciaron en medio de un pulso pol\u00edtico que se intensific\u00f3 el pasado 12 de agosto cuando el jefe de Estado, Daniel Noboa, lider\u00f3 una nutrida marcha hacia la CC en rechazo a su decisi\u00f3n de suspender parte de sus normas, que considera indispensables para continuar en su lucha contra la inseguridad. EFE<\/p>\n","protected":false},"excerpt":{"rendered":"<p>Representantes del Gobierno de Ecuador y de las organizaciones sociales volvieron este mi\u00e9rcoles a la Corte Constitucional (CC), esta vez para defender cada uno, en una audiencia, su postura ante la segunda de las tres pol\u00e9micas leyes que el alto tribunal suspendi\u00f3 de manera parcial. En concreto, la ley de Integridad P\u00fablica acumula hasta 26 [&hellip;]<\/p>\n","protected":false},"author":1,"featured_media":15095,"comment_status":"open","ping_status":"open","sticky":false,"template":"","format":"standard","meta":{"footnotes":""},"categories":[12],"tags":[],"_links":{"self":[{"href":"https:\/\/infozamoraec.com\/index.php\/wp-json\/wp\/v2\/posts\/15094"}],"collection":[{"href":"https:\/\/infozamoraec.com\/index.php\/wp-json\/wp\/v2\/posts"}],"about":[{"href":"https:\/\/infozamoraec.com\/index.php\/wp-json\/wp\/v2\/types\/post"}],"author":[{"embeddable":true,"href":"https:\/\/infozamoraec.com\/index.php\/wp-json\/wp\/v2\/users\/1"}],"replies":[{"embeddable":true,"href":"https:\/\/infozamoraec.com\/index.php\/wp-json\/wp\/v2\/comments?post=15094"}],"version-history":[{"count":1,"href":"https:\/\/infozamoraec.com\/index.php\/wp-json\/wp\/v2\/posts\/15094\/revisions"}],"predecessor-version":[{"id":15096,"href":"https:\/\/infozamoraec.com\/index.php\/wp-json\/wp\/v2\/posts\/15094\/revisions\/15096"}],"wp:featuredmedia":[{"embeddable":true,"href":"https:\/\/infozamoraec.com\/index.php\/wp-json\/wp\/v2\/media\/15095"}],"wp:attachment":[{"href":"https:\/\/infozamoraec.com\/index.php\/wp-json\/wp\/v2\/media?parent=15094"}],"wp:term":[{"taxonomy":"category","embeddable":true,"href":"https:\/\/infozamoraec.com\/index.php\/wp-json\/wp\/v2\/categories?post=15094"},{"taxonomy":"post_tag","embeddable":true,"href":"https:\/\/infozamoraec.com\/index.php\/wp-json\/wp\/v2\/tags?post=15094"}],"curies":[{"name":"wp","href":"https:\/\/api.w.org\/{rel}","templated":true}]}}