{"id":15090,"date":"2025-08-28T02:26:57","date_gmt":"2025-08-28T02:26:57","guid":{"rendered":"https:\/\/infozamoraec.com\/?p=15090"},"modified":"2025-08-28T02:26:57","modified_gmt":"2025-08-28T02:26:57","slug":"concluye-gestion-2021-2025-en-la-casa-de-la-cultura-de-zamora-chinchipe","status":"publish","type":"post","link":"https:\/\/infozamoraec.com\/index.php\/2025\/08\/28\/concluye-gestion-2021-2025-en-la-casa-de-la-cultura-de-zamora-chinchipe\/","title":{"rendered":"Concluye gesti\u00f3n 2021\u20132025 en la Casa de la Cultura de Zamora Chinchipe"},"content":{"rendered":"<p data-start=\"76\" data-end=\"259\">El <strong data-start=\"79\" data-end=\"103\">25 de agosto de 2025<\/strong> se desarroll\u00f3 la \u00faltima sesi\u00f3n del <strong data-start=\"139\" data-end=\"218\">Directorio de la Casa de la Cultura Ecuatoriana, N\u00facleo de Zamora Chinchipe<\/strong>, correspondiente al periodo 2021\u20132025.<\/p>\n<p data-start=\"261\" data-end=\"597\">En el encuentro participaron los vocales <strong data-start=\"302\" data-end=\"320\">Delia Vacacela<\/strong> y <strong data-start=\"323\" data-end=\"338\">Gorki Bravo<\/strong>, quienes expresaron su gratitud por la oportunidad de haber contribuido al fortalecimiento de la instituci\u00f3n cultural durante los \u00faltimos cuatro a\u00f1os. Ambos destacaron su compromiso de continuar apoyando a la entidad cuando el nuevo directorio lo requiera.<\/p>\n<p data-start=\"599\" data-end=\"866\">Como parte de su mensaje de cierre, los vocales extendieron sus mejores deseos a los <strong data-start=\"684\" data-end=\"747\">nuevos miembros que se posesionar\u00e1n el viernes 29 de agosto<\/strong>, confiando en que dar\u00e1n continuidad a las acciones para impulsar la cultura en la provincia de <strong data-start=\"843\" data-end=\"863\">Zamora Chinchipe<\/strong>.<\/p>\n","protected":false},"excerpt":{"rendered":"<p>El 25 de agosto de 2025 se desarroll\u00f3 la \u00faltima sesi\u00f3n del Directorio de la Casa de la Cultura Ecuatoriana, N\u00facleo de Zamora Chinchipe, correspondiente al periodo 2021\u20132025. En el encuentro participaron los vocales Delia Vacacela y Gorki Bravo, quienes expresaron su gratitud por la oportunidad de haber contribuido al fortalecimiento de la instituci\u00f3n cultural [&hellip;]<\/p>\n","protected":false},"author":1,"featured_media":15091,"comment_status":"open","ping_status":"open","sticky":false,"template":"","format":"standard","meta":{"footnotes":""},"categories":[9],"tags":[],"_links":{"self":[{"href":"https:\/\/infozamoraec.com\/index.php\/wp-json\/wp\/v2\/posts\/15090"}],"collection":[{"href":"https:\/\/infozamoraec.com\/index.php\/wp-json\/wp\/v2\/posts"}],"about":[{"href":"https:\/\/infozamoraec.com\/index.php\/wp-json\/wp\/v2\/types\/post"}],"author":[{"embeddable":true,"href":"https:\/\/infozamoraec.com\/index.php\/wp-json\/wp\/v2\/users\/1"}],"replies":[{"embeddable":true,"href":"https:\/\/infozamoraec.com\/index.php\/wp-json\/wp\/v2\/comments?post=15090"}],"version-history":[{"count":2,"href":"https:\/\/infozamoraec.com\/index.php\/wp-json\/wp\/v2\/posts\/15090\/revisions"}],"predecessor-version":[{"id":15093,"href":"https:\/\/infozamoraec.com\/index.php\/wp-json\/wp\/v2\/posts\/15090\/revisions\/15093"}],"wp:featuredmedia":[{"embeddable":true,"href":"https:\/\/infozamoraec.com\/index.php\/wp-json\/wp\/v2\/media\/15091"}],"wp:attachment":[{"href":"https:\/\/infozamoraec.com\/index.php\/wp-json\/wp\/v2\/media?parent=15090"}],"wp:term":[{"taxonomy":"category","embeddable":true,"href":"https:\/\/infozamoraec.com\/index.php\/wp-json\/wp\/v2\/categories?post=15090"},{"taxonomy":"post_tag","embeddable":true,"href":"https:\/\/infozamoraec.com\/index.php\/wp-json\/wp\/v2\/tags?post=15090"}],"curies":[{"name":"wp","href":"https:\/\/api.w.org\/{rel}","templated":true}]}}